{"id":60608,"date":"2021-09-02T12:25:31","date_gmt":"2021-09-02T15:25:31","guid":{"rendered":"https:\/\/laurbedigital.com.ar\/noticias\/?p=60608"},"modified":"2021-09-02T12:25:31","modified_gmt":"2021-09-02T15:25:31","slug":"no-fue-muerte-natural-estamos-convencidos-de-eso-dijo-la-hermana-de-luana-carneiro-de-melo","status":"publish","type":"post","link":"https:\/\/laurbedigital.com.ar\/noticias\/2021\/09\/02\/no-fue-muerte-natural-estamos-convencidos-de-eso-dijo-la-hermana-de-luana-carneiro-de-melo\/","title":{"rendered":"\u00abNo fue muerte natural, estamos convencidos de eso\u00bb, dijo la hermana de Luana Carneiro De Melo"},"content":{"rendered":"<p>&nbsp;<\/p>\n<h5>La hermana de Luana Cristina Carneiro De Melo, una estudiante y analista financiera brasile\u00f1a de 25 a\u00f1os que en marzo de 2018 fue hallada muerta en el departamento que alquilaba en el barrio porte\u00f1o de Colegiales, reiter\u00f3 hoy su reclamo para que la justicia investigue el hecho como un homicidio.<\/h5>\n<p><em>\u00abNo fue muerte natural, estamos convencidos de eso\u00bb,<\/em> dijo hoy Laura Carneiro de Melo, la hermana de Luana, al canal de noticias C5N.<\/p>\n<p>Adem\u00e1s, la familia se\u00f1al\u00f3 a un hombre que trabajaba como empleado en el departamento como el principal sospechoso.<\/p>\n<p><em>\u00abElla alquilaba un cuarto a una mujer y el principal sospechoso es empleado de esa mujer\u00bb,<\/em> dijo Amarildo Kuhn, cu\u00f1ado de la fallecida.<\/p>\n<p>En referencia al empleado, Kuhn dijo: <em>\u00abTen\u00eda completo acceso al departamento, porque \u00e9l trabajaba ah\u00ed\u00bb.<\/em><\/p>\n<p>Durante la investigaci\u00f3n, los pesquisas rastrearon el tel\u00e9fono de la v\u00edctima y, en el 2020, detuvieron a un hombre de nacionalidad boliviana, quien result\u00f3 ser hermano del empleado de la due\u00f1a del departamento.<\/p>\n<p>El fiscal que interviene en la causa solicit\u00f3 que se ampl\u00ede la investigaci\u00f3n sobre el sospechoso, pero la jueza rechaz\u00f3 dos veces el pedido, y s\u00f3lo lo imput\u00f3 del hurto del tel\u00e9fono, cont\u00f3 Kuhn en el d\u00eda de ayer en di\u00e1logo con T\u00e9lam.<\/p>\n<p>El hecho ocurri\u00f3 en marzo de 2018 cuando Carneiro De Melo fue hallada muerta en una de las habitaciones del departamento al que se hab\u00eda mudado hac\u00eda una semana, ubicado en el segundo piso del edificio de la calle Super\u00ed 2176, en dicho barrio de la zona norte de la Ciudad Aut\u00f3noma de Buenos Aires (CABA).<\/p>\n<p>En el caso intervino la fiscal\u00eda en lo Criminal y Correccional 21, a cargo de Carlos Vasser, y la jueza 63 del mismo fuero, Vanessa Peluffo, que caratularon el expediente como <em>\u00abmuerte por causa dudosa, hurto y encubrimiento\u00bb.<\/em><\/p>\n<p>A partir de la opini\u00f3n de una experta forense, que consider\u00f3 que las marcas en el cuello de la v\u00edctima pod\u00edan ser evidencia de haber sido sofocada, la familia pide que se investigue el caso por el delito de \u00abhomicidio\u00bb.<\/p>\n<p>&nbsp;<\/p>\n","protected":false},"excerpt":{"rendered":"<p>&nbsp; La hermana de Luana Cristina Carneiro De Melo, una estudiante y analista financiera brasile\u00f1a de 25 a\u00f1os que en<\/p>\n","protected":false},"author":1,"featured_media":60609,"comment_status":"closed","ping_status":"closed","sticky":false,"template":"","format":"standard","meta":{"kia_subtitle":"","footnotes":"","jetpack_publicize_message":"","jetpack_publicize_feature_enabled":true,"jetpack_social_post_already_shared":true,"jetpack_social_options":{"image_generator_settings":{"template":"highway","default_image_id":0,"font":"","enabled":false},"version":2}},"categories":[8],"tags":[],"class_list":["post-60608","post","type-post","status-publish","format-standard","has-post-thumbnail","hentry","category-policiales"],"jetpack_publicize_connections":[],"jetpack_featured_media_url":"https:\/\/laurbedigital.com.ar\/noticias\/wp-content\/uploads\/2021\/09\/20210902-Luana.jpg","_links":{"self":[{"href":"https:\/\/laurbedigital.com.ar\/noticias\/wp-json\/wp\/v2\/posts\/60608","targetHints":{"allow":["GET"]}}],"collection":[{"href":"https:\/\/laurbedigital.com.ar\/noticias\/wp-json\/wp\/v2\/posts"}],"about":[{"href":"https:\/\/laurbedigital.com.ar\/noticias\/wp-json\/wp\/v2\/types\/post"}],"author":[{"embeddable":true,"href":"https:\/\/laurbedigital.com.ar\/noticias\/wp-json\/wp\/v2\/users\/1"}],"replies":[{"embeddable":true,"href":"https:\/\/laurbedigital.com.ar\/noticias\/wp-json\/wp\/v2\/comments?post=60608"}],"version-history":[{"count":3,"href":"https:\/\/laurbedigital.com.ar\/noticias\/wp-json\/wp\/v2\/posts\/60608\/revisions"}],"predecessor-version":[{"id":60612,"href":"https:\/\/laurbedigital.com.ar\/noticias\/wp-json\/wp\/v2\/posts\/60608\/revisions\/60612"}],"wp:featuredmedia":[{"embeddable":true,"href":"https:\/\/laurbedigital.com.ar\/noticias\/wp-json\/wp\/v2\/media\/60609"}],"wp:attachment":[{"href":"https:\/\/laurbedigital.com.ar\/noticias\/wp-json\/wp\/v2\/media?parent=60608"}],"wp:term":[{"taxonomy":"category","embeddable":true,"href":"https:\/\/laurbedigital.com.ar\/noticias\/wp-json\/wp\/v2\/categories?post=60608"},{"taxonomy":"post_tag","embeddable":true,"href":"https:\/\/laurbedigital.com.ar\/noticias\/wp-json\/wp\/v2\/tags?post=60608"}],"curies":[{"name":"wp","href":"https:\/\/api.w.org\/{rel}","templated":true}]}}