{"id":60589,"date":"2021-09-02T10:34:24","date_gmt":"2021-09-02T13:34:24","guid":{"rendered":"https:\/\/laurbedigital.com.ar\/noticias\/?p=60589"},"modified":"2021-09-02T10:34:24","modified_gmt":"2021-09-02T13:34:24","slug":"comienza-un-ciclo-de-seis-encuentros-virtuales-y-gratuitos-sobre-ferias-del-libro","status":"publish","type":"post","link":"https:\/\/laurbedigital.com.ar\/noticias\/2021\/09\/02\/comienza-un-ciclo-de-seis-encuentros-virtuales-y-gratuitos-sobre-ferias-del-libro\/","title":{"rendered":"Comienza un ciclo de seis encuentros virtuales y gratuitos sobre ferias del libro"},"content":{"rendered":"<p>&nbsp;<\/p>\n<h5>Un ciclo de seis encuentros semanales de capacitaci\u00f3n destinado a ferias del libro de todo el pa\u00eds comenzar\u00e1 el mi\u00e9rcoles pr\u00f3ximo con el objetivo de federalizarlas como espacios de democratizaci\u00f3n y difusi\u00f3n de la lectura, promoci\u00f3n de la bibliodiversidad y est\u00edmulo de la econom\u00eda del sector.<\/h5>\n<p>Se trata de una iniciativa del Ministerio de Cultura de la Naci\u00f3n, a trav\u00e9s de la Secretar\u00eda de Desarrollo Cultural y su Direcci\u00f3n Nacional de Promoci\u00f3n de Proyectos Culturales, que busca la confluencia entre lectores, editores, libreros y escritores para garantizar la ampliaci\u00f3n a nuevos p\u00fablicos, promover el derecho humano a la cultura y el crecimiento del sector editorial, fomentar la descentralizaci\u00f3n, el reconocimiento de la variedad y la riqueza de propuestas vinculadas al libro en todo el territorio.<\/p>\n<p>Con este objetivo se proponen seis encuentros por semana con actores fundamentales del sector editorial que abarcan diferentes aspectos del engranaje para que cada feria se adapte a su comunidad y aporte nuevas perspectivas a sus visitantes.<\/p>\n<p>La participaci\u00f3n en la actividad es gratuita y requiere inscripci\u00f3n previa en la web del Ministerio de Cultura, en <a href=\"https:\/\/www.cultura.gob.ar\/ciclo-de-charlas-para-ferias-del-libro-de-todo-el-pais-11038\" target=\"_blank\" rel=\"noopener\">https:\/\/www.cultura.gob.ar\/ciclo-de-charlas-para-ferias-del-libro-de-todo-el-pais-11038<\/a>\/.<\/p>\n<p>Los ejes van desde c\u00f3mo organizar una feria y experiencias de armado de cooperativas de trabajo hasta comunicaci\u00f3n y promoci\u00f3n de libros.<\/p>\n<p>Entre los que coordinar\u00e1n los encuentros estar\u00e1n V\u00edctor Malumi\u00e1n (Feria de Editores), Mar\u00eda Eugenia Jald\u00edn, Rodolfo Pacheco (Feria del Libro de Jujuy), Alejandro Dujovne (UNSAM\/Conicet) y Raquel Franco (Gestora cultural, peque\u00f1o editor).<\/p>\n<p>Adem\u00e1s estar\u00e1n Marcos Almada, de La Coop; Francisco Magallanes, de Malisia; Nacho Portela, de Sudestada y Luc\u00eda A\u00edta, de Muchas Nueces; Cecilia Bona (@porqueleer) y Sebasti\u00e1n Lidijover (@sebalidijover).<\/p>\n<p>&nbsp;<\/p>\n<p>&nbsp;<\/p>\n","protected":false},"excerpt":{"rendered":"<p>&nbsp; Un ciclo de seis encuentros semanales de capacitaci\u00f3n destinado a ferias del libro de todo el pa\u00eds comenzar\u00e1 el<\/p>\n","protected":false},"author":1,"featured_media":60590,"comment_status":"closed","ping_status":"closed","sticky":false,"template":"","format":"standard","meta":{"kia_subtitle":"","footnotes":"","jetpack_publicize_message":"","jetpack_publicize_feature_enabled":true,"jetpack_social_post_already_shared":true,"jetpack_social_options":{"image_generator_settings":{"template":"highway","default_image_id":0,"font":"","enabled":false},"version":2}},"categories":[5],"tags":[],"class_list":["post-60589","post","type-post","status-publish","format-standard","has-post-thumbnail","hentry","category-cultura"],"jetpack_publicize_connections":[],"jetpack_featured_media_url":"https:\/\/laurbedigital.com.ar\/noticias\/wp-content\/uploads\/2021\/09\/20210902-Ferias-del-libro.jpg","_links":{"self":[{"href":"https:\/\/laurbedigital.com.ar\/noticias\/wp-json\/wp\/v2\/posts\/60589","targetHints":{"allow":["GET"]}}],"collection":[{"href":"https:\/\/laurbedigital.com.ar\/noticias\/wp-json\/wp\/v2\/posts"}],"about":[{"href":"https:\/\/laurbedigital.com.ar\/noticias\/wp-json\/wp\/v2\/types\/post"}],"author":[{"embeddable":true,"href":"https:\/\/laurbedigital.com.ar\/noticias\/wp-json\/wp\/v2\/users\/1"}],"replies":[{"embeddable":true,"href":"https:\/\/laurbedigital.com.ar\/noticias\/wp-json\/wp\/v2\/comments?post=60589"}],"version-history":[{"count":2,"href":"https:\/\/laurbedigital.com.ar\/noticias\/wp-json\/wp\/v2\/posts\/60589\/revisions"}],"predecessor-version":[{"id":60592,"href":"https:\/\/laurbedigital.com.ar\/noticias\/wp-json\/wp\/v2\/posts\/60589\/revisions\/60592"}],"wp:featuredmedia":[{"embeddable":true,"href":"https:\/\/laurbedigital.com.ar\/noticias\/wp-json\/wp\/v2\/media\/60590"}],"wp:attachment":[{"href":"https:\/\/laurbedigital.com.ar\/noticias\/wp-json\/wp\/v2\/media?parent=60589"}],"wp:term":[{"taxonomy":"category","embeddable":true,"href":"https:\/\/laurbedigital.com.ar\/noticias\/wp-json\/wp\/v2\/categories?post=60589"},{"taxonomy":"post_tag","embeddable":true,"href":"https:\/\/laurbedigital.com.ar\/noticias\/wp-json\/wp\/v2\/tags?post=60589"}],"curies":[{"name":"wp","href":"https:\/\/api.w.org\/{rel}","templated":true}]}}