{"id":60557,"date":"2021-09-01T23:41:37","date_gmt":"2021-09-02T02:41:37","guid":{"rendered":"https:\/\/laurbedigital.com.ar\/noticias\/?p=60557"},"modified":"2021-09-01T23:41:37","modified_gmt":"2021-09-02T02:41:37","slug":"murio-el-exjuez-federal-norberto-oyarbide","status":"publish","type":"post","link":"https:\/\/laurbedigital.com.ar\/noticias\/2021\/09\/01\/murio-el-exjuez-federal-norberto-oyarbide\/","title":{"rendered":"Muri\u00f3 el exjuez federal Norberto Oyarbide"},"content":{"rendered":"<p>&nbsp;<\/p>\n<h5>El exmagistrado, de 70 a\u00f1os, que se encontraba internado en el Sanatorio Otamendi de la Ciudad de Buenos Aires, hab\u00eda sido internado hace varias semanas por una neumon\u00eda bilateral producto de haber contra\u00eddo coronavirus.<\/h5>\n<p>El exjuez federal Norberto Oyarbide\u00a0<strong>muri\u00f3 este mi\u00e9rcoles a los 70 a\u00f1os, tras estar internado varias semanas con coronavirus<\/strong>, confirmaron esta noche a telam fuentes allegadas al exmagistrado.<\/p>\n<p>El exjuez estaba internado en el Sanatorio Otamendi y Miroli de esta capital, atravesando una\u00a0<strong>neumon\u00eda bilateral producto de haber contra\u00eddo coronavirus.<\/strong><\/p>\n<p>Oyarbide, nacido en la provincia de Entre R\u00edos el 1 de enero de 1951, inici\u00f3 su carrera judicial como auxiliar en 1976, poco antes del golpe militar, y pas\u00f3 por varios cargos -como secretario de juzgado y fiscal- hasta llegar a juez federal en 1994, durante el Gobierno de Carlos Menem.<\/p>\n<p>El exjuez tuvo siempre una alta exposici\u00f3n p\u00fablica y medi\u00e1tica e instruy\u00f3 causas de alto impacto pol\u00edtico, en las que incluso investig\u00f3 a altas autoridades como expresidentes desde los a\u00f1os 90 hasta 2019.<\/p>\n<p><strong>Oyarbide tuvo alrededor de medio centenar de pedidos de juicio pol\u00edtico por presunto mal desempe\u00f1o y en 2001 estuvo a punto de ser destituido, acusado de connivencia con la Polic\u00eda Federal y de haber protegido prost\u00edbulos de esta capital. Pero, el mismo d\u00eda de los atentados a las Torres Gemelas en Estados Unidos, el Senado Nacional lo ratific\u00f3 en su cargo<\/strong>.<\/p>\n<p>En 2016, durante el Gobierno de Macri, Oyarbide renunci\u00f3 al cargo, en medio de un proceso en su contra en el Consejo de la Magistratura que iba en camino a su destituci\u00f3n.<\/p>\n<p><img loading=\"lazy\" decoding=\"async\" class=\"alignnone size-full wp-image-60559\" src=\"https:\/\/laurbedigital.com.ar\/noticias\/wp-content\/uploads\/2021\/09\/20210901-Oyarbide-1.jpg\" alt=\"\" width=\"768\" height=\"428\" title=\"\" srcset=\"https:\/\/laurbedigital.com.ar\/noticias\/wp-content\/uploads\/2021\/09\/20210901-Oyarbide-1.jpg 768w, https:\/\/laurbedigital.com.ar\/noticias\/wp-content\/uploads\/2021\/09\/20210901-Oyarbide-1-300x167.jpg 300w\" sizes=\"auto, (max-width: 768px) 100vw, 768px\" \/><\/p>\n<p><strong>La administraci\u00f3n de Macri resolvi\u00f3 aceptarle la dimisi\u00f3n<\/strong>\u00a0en lugar de continuar con el tr\u00e1mite para la expulsi\u00f3n del entonces juez.<\/p>\n<p>Durante la \u00e9poca del menemismo, enfrentado con Domingo Cavallo, el exministro de Econom\u00eda lo se\u00f1al\u00f3 como uno de los <em>\u00abjueces de la servilleta\u00bb,<\/em> en alusi\u00f3n a una serie de candidatos que habr\u00edan sido anotados en un papel por el entonces ministro del Interior, Carlos Corach, para ser nombrados en el estrat\u00e9gico y poderoso fuero federal porte\u00f1o.<\/p>\n<p>En febrero de este a\u00f1o, Oyarbide asegur\u00f3 en declaraciones a Radio 10 que el expresidente Mauricio Macri le pidi\u00f3 que se \u00abinhibiera\u00bb en las causas que lo involucraban, a trav\u00e9s de \u00abenviados especiales\u00bb que le intentaron ofrecer dinero con ese fin, propuesta que dijo haber rechazado.<\/p>\n<p><em><strong>\u00abMe pidi\u00f3 que me inhiba en sus casos, yo tuve la causa de las escuchas ilegales\u00bb<\/strong>,<\/em> afirm\u00f3 en ese momento el exjuez, al referirse a la causa por escuchas ilegales realizadas en la Ciudad de Buenos Aires mientras Macri era jefe de gobierno porte\u00f1o, y asegur\u00f3 que a pesar de ese mensaje \u00e9l <em>\u00abno se inhibi\u00f3\u00bb<\/em> porque<em> \u00abno cotizaba en Bolsa\u00bb.<\/em><\/p>\n<p>&nbsp;<\/p>\n","protected":false},"excerpt":{"rendered":"<p>&nbsp; El exmagistrado, de 70 a\u00f1os, que se encontraba internado en el Sanatorio Otamendi de la Ciudad de Buenos Aires,<\/p>\n","protected":false},"author":1,"featured_media":60558,"comment_status":"closed","ping_status":"closed","sticky":false,"template":"","format":"standard","meta":{"kia_subtitle":"","footnotes":"","jetpack_publicize_message":"","jetpack_publicize_feature_enabled":true,"jetpack_social_post_already_shared":true,"jetpack_social_options":{"image_generator_settings":{"template":"highway","default_image_id":0,"font":"","enabled":false},"version":2}},"categories":[3,41],"tags":[],"class_list":["post-60557","post","type-post","status-publish","format-standard","has-post-thumbnail","hentry","category-actualidad","category-nacionales"],"jetpack_publicize_connections":[],"jetpack_featured_media_url":"https:\/\/laurbedigital.com.ar\/noticias\/wp-content\/uploads\/2021\/09\/20210901-Oyarbide.jpg","_links":{"self":[{"href":"https:\/\/laurbedigital.com.ar\/noticias\/wp-json\/wp\/v2\/posts\/60557","targetHints":{"allow":["GET"]}}],"collection":[{"href":"https:\/\/laurbedigital.com.ar\/noticias\/wp-json\/wp\/v2\/posts"}],"about":[{"href":"https:\/\/laurbedigital.com.ar\/noticias\/wp-json\/wp\/v2\/types\/post"}],"author":[{"embeddable":true,"href":"https:\/\/laurbedigital.com.ar\/noticias\/wp-json\/wp\/v2\/users\/1"}],"replies":[{"embeddable":true,"href":"https:\/\/laurbedigital.com.ar\/noticias\/wp-json\/wp\/v2\/comments?post=60557"}],"version-history":[{"count":2,"href":"https:\/\/laurbedigital.com.ar\/noticias\/wp-json\/wp\/v2\/posts\/60557\/revisions"}],"predecessor-version":[{"id":60561,"href":"https:\/\/laurbedigital.com.ar\/noticias\/wp-json\/wp\/v2\/posts\/60557\/revisions\/60561"}],"wp:featuredmedia":[{"embeddable":true,"href":"https:\/\/laurbedigital.com.ar\/noticias\/wp-json\/wp\/v2\/media\/60558"}],"wp:attachment":[{"href":"https:\/\/laurbedigital.com.ar\/noticias\/wp-json\/wp\/v2\/media?parent=60557"}],"wp:term":[{"taxonomy":"category","embeddable":true,"href":"https:\/\/laurbedigital.com.ar\/noticias\/wp-json\/wp\/v2\/categories?post=60557"},{"taxonomy":"post_tag","embeddable":true,"href":"https:\/\/laurbedigital.com.ar\/noticias\/wp-json\/wp\/v2\/tags?post=60557"}],"curies":[{"name":"wp","href":"https:\/\/api.w.org\/{rel}","templated":true}]}}