{"id":60497,"date":"2021-09-01T10:42:45","date_gmt":"2021-09-01T13:42:45","guid":{"rendered":"https:\/\/laurbedigital.com.ar\/noticias\/?p=60497"},"modified":"2021-09-01T10:42:45","modified_gmt":"2021-09-01T13:42:45","slug":"primer-concurso-de-microrrelatos-de-la-biblioteca-del-congreso-para-ninas-ninos-y-adolescentes","status":"publish","type":"post","link":"https:\/\/laurbedigital.com.ar\/noticias\/2021\/09\/01\/primer-concurso-de-microrrelatos-de-la-biblioteca-del-congreso-para-ninas-ninos-y-adolescentes\/","title":{"rendered":"Primer Concurso de Microrrelatos de la Biblioteca del Congreso para ni\u00f1as, ni\u00f1os y adolescentes"},"content":{"rendered":"<p>&nbsp;<\/p>\n<h5>Estudiantes de sexto grado de nivel primario hasta cuarto a\u00f1o del secundario de las escuelas de todo el pa\u00eds podr\u00e1n participar del Primer Concurso de Microrrelatos de la Biblioteca del Congreso de la Naci\u00f3n (BCN), enviando sus textos hasta el pr\u00f3ximo 10 de noviembre.<\/h5>\n<p>Los ni\u00f1os, ni\u00f1as y adolescentes deber\u00e1n enviar microficciones o microrrelatos que, en este caso, deber\u00e1n tener una extensi\u00f3n m\u00e1xima de 150 palabras incluyendo el t\u00edtulo, que ser\u00e1 obligatorio.<\/p>\n<p>El jurado estar\u00e1 integrado por Luisa Valenzuela, Sandra Bianchi y Ram\u00f3n Alfredo Blanco, especialistas en microrrelatos,<em> \u00abquienes tendr\u00e1n las facultades de interpretar las bases del concurso y aplicar\u00e1n como criterios de evaluaci\u00f3n la adecuaci\u00f3n al tema, la correcci\u00f3n ortogr\u00e1fica y gramatical del texto, la creatividad, la originalidad y la calidad de la obra\u00bb,<\/em> inform\u00f3 la BCN.<\/p>\n<p>El concurso prev\u00e9 dos premios por categor\u00eda que consisten en un diploma, la publicaci\u00f3n virtual e impresi\u00f3n del microrrelato, grabaci\u00f3n del microcuento en audios para compartir desde la web de la BCN, y una selecci\u00f3n de libros de la Editorial BCN y Editorial <em>\u00abAbran cancha\u00bb.<\/em><\/p>\n<p>Adem\u00e1s la escuela a la que concurren quienes ganen recibir\u00e1 una minibiblioteca de madera y libros de la Editorial BCN.<\/p>\n<p>Los ganadores se conocer\u00e1n el 10 de diciembre a trav\u00e9s de la resoluci\u00f3n del jurado que se publicar\u00e1 en el sitio oficial y en las redes sociales (Facebook, Instragram y Twitter) de la Biblioteca del Congreso.<\/p>\n<p>La entrega de premios se celebrar\u00e1 en un acto p\u00fablico el 15 de diciembre y los relatos ganadores se emitir\u00e1n en audios a trav\u00e9s de Historias en tiempos de Whatsapp y podcast de radio, y se transmitir\u00e1n en distintos programas de tem\u00e1tica literaria y cultural, dentro de la grilla de la BCNRadio, la radio de la Biblioteca del Congreso.<\/p>\n<p>Los interesados pueden obtener m\u00e1s informaci\u00f3n en <a href=\"http:\/\/www.bcn.gob.ar\" target=\"_blank\" rel=\"noopener\">www.bcn.gob.ar<\/a>.<\/p>\n","protected":false},"excerpt":{"rendered":"<p>&nbsp; Estudiantes de sexto grado de nivel primario hasta cuarto a\u00f1o del secundario de las escuelas de todo el pa\u00eds<\/p>\n","protected":false},"author":1,"featured_media":60498,"comment_status":"closed","ping_status":"closed","sticky":false,"template":"","format":"standard","meta":{"kia_subtitle":"","footnotes":"","jetpack_publicize_message":"","jetpack_publicize_feature_enabled":true,"jetpack_social_post_already_shared":true,"jetpack_social_options":{"image_generator_settings":{"template":"highway","default_image_id":0,"font":"","enabled":false},"version":2}},"categories":[5],"tags":[],"class_list":["post-60497","post","type-post","status-publish","format-standard","has-post-thumbnail","hentry","category-cultura"],"jetpack_publicize_connections":[],"jetpack_featured_media_url":"https:\/\/laurbedigital.com.ar\/noticias\/wp-content\/uploads\/2021\/09\/20210831-Cultura-concurso-BCN.jpg","_links":{"self":[{"href":"https:\/\/laurbedigital.com.ar\/noticias\/wp-json\/wp\/v2\/posts\/60497","targetHints":{"allow":["GET"]}}],"collection":[{"href":"https:\/\/laurbedigital.com.ar\/noticias\/wp-json\/wp\/v2\/posts"}],"about":[{"href":"https:\/\/laurbedigital.com.ar\/noticias\/wp-json\/wp\/v2\/types\/post"}],"author":[{"embeddable":true,"href":"https:\/\/laurbedigital.com.ar\/noticias\/wp-json\/wp\/v2\/users\/1"}],"replies":[{"embeddable":true,"href":"https:\/\/laurbedigital.com.ar\/noticias\/wp-json\/wp\/v2\/comments?post=60497"}],"version-history":[{"count":2,"href":"https:\/\/laurbedigital.com.ar\/noticias\/wp-json\/wp\/v2\/posts\/60497\/revisions"}],"predecessor-version":[{"id":60500,"href":"https:\/\/laurbedigital.com.ar\/noticias\/wp-json\/wp\/v2\/posts\/60497\/revisions\/60500"}],"wp:featuredmedia":[{"embeddable":true,"href":"https:\/\/laurbedigital.com.ar\/noticias\/wp-json\/wp\/v2\/media\/60498"}],"wp:attachment":[{"href":"https:\/\/laurbedigital.com.ar\/noticias\/wp-json\/wp\/v2\/media?parent=60497"}],"wp:term":[{"taxonomy":"category","embeddable":true,"href":"https:\/\/laurbedigital.com.ar\/noticias\/wp-json\/wp\/v2\/categories?post=60497"},{"taxonomy":"post_tag","embeddable":true,"href":"https:\/\/laurbedigital.com.ar\/noticias\/wp-json\/wp\/v2\/tags?post=60497"}],"curies":[{"name":"wp","href":"https:\/\/api.w.org\/{rel}","templated":true}]}}