{"id":60380,"date":"2021-08-30T18:41:17","date_gmt":"2021-08-30T21:41:17","guid":{"rendered":"https:\/\/laurbedigital.com.ar\/noticias\/?p=60380"},"modified":"2021-08-30T18:41:51","modified_gmt":"2021-08-30T21:41:51","slug":"cascallares-encabezo-emotivo-acto-por-el-aniversario-de-la-localidad-de-san-francisco-de-asis","status":"publish","type":"post","link":"https:\/\/laurbedigital.com.ar\/noticias\/2021\/08\/30\/cascallares-encabezo-emotivo-acto-por-el-aniversario-de-la-localidad-de-san-francisco-de-asis\/","title":{"rendered":"Cascallares encabez\u00f3 emotivo acto por el aniversario\u00a0de la localidad de San Francisco de As\u00eds"},"content":{"rendered":"<h5><\/h5>\n<h5 class=\"gmail_default\">El intendente de Almirante Brown, Mariano Cascallares, encabez\u00f3 un emotivo acto conmemorativo en el barrio de Don Orione por el aniversario de la localidad de San Francisco de As\u00eds, que coincidi\u00f3 adem\u00e1s con los 21 a\u00f1os de la llegada del Coraz\u00f3n de San Luis Orione al Cottolengo de Claypole.<\/h5>\n<div class=\"gmail_default\">\n<p>La jornada se llev\u00f3 adelante en el\u00a0Play\u00f3n de la Delegaci\u00f3n Municipal, ubicado en R\u00edo Diamante y Araujo, donde el jefe comunal entreg\u00f3 banderas de flameo a distintas instituciones educativas, entre ellas los jardines de infantes N\u00ba927 y N\u00ba928; la Escuela Primaria N\u00ba30 y N\u00ba41 y las secundarias N\u00ba14, N\u00ba20, N\u00ba47 y N\u00ba48, adem\u00e1s de un reconocimiento al Centro de Integraci\u00f3n Comunitaria (CIC) de Don Orione por su labor como punto de vacunaci\u00f3n contra el Covid-19.<\/p>\n<p><img loading=\"lazy\" decoding=\"async\" class=\"alignnone size-full wp-image-60383\" src=\"https:\/\/laurbedigital.com.ar\/noticias\/wp-content\/uploads\/2021\/08\/20210830-Brown-San-Francisco-Asis-Cascallares-3.jpg\" alt=\"\" width=\"768\" height=\"428\" title=\"\" srcset=\"https:\/\/laurbedigital.com.ar\/noticias\/wp-content\/uploads\/2021\/08\/20210830-Brown-San-Francisco-Asis-Cascallares-3.jpg 768w, https:\/\/laurbedigital.com.ar\/noticias\/wp-content\/uploads\/2021\/08\/20210830-Brown-San-Francisco-Asis-Cascallares-3-300x167.jpg 300w\" sizes=\"auto, (max-width: 768px) 100vw, 768px\" \/><\/p>\n<p><strong><em>\u201cHoy es un d\u00eda muy importante para esta querida localidad y quiero aprovechar para agradecer fundamentalmente a toda la comunidad educativa, a los vacunadores y vacunadoras, a los profesionales del Centro de Atenci\u00f3n Primaria de la Salud (CAPS) 12 y todas las personas que trabajan incansablemente poniendo el cuerpo en esta pandemia, de la que estamos saliendo. Tenemos que seguir fortaleciendo los lazos comunitarios porque si algo nos dej\u00f3 todo esto es la certeza de que nadie se salva solo\u201d,<\/em> sostuvo Mariano Cascallares.<\/strong><\/p>\n<p>El acto cont\u00f3 con la entonaci\u00f3n de las estrofas del Himno Nacional Argentino y emotivas palabras a cargo del cura p\u00e1rroco de la Iglesia Sagrado Coraz\u00f3n de Jes\u00fas, Hern\u00e1n Cruz Mart\u00edn, y de la directora del Jard\u00edn de Infantes N\u00ba927, Susana Caracciolo.<\/p>\n<p>De la jornada participaron tambi\u00e9n el presidente del Concejo Deliberante, Nicol\u00e1s Jawtuschenko; el presidente del Consejo Escolar, Leonardo Herrera; el secretario de Gobierno, Juan Fabiani; el secretario de Educaci\u00f3n, Ciencia y Tecnolog\u00eda, Sergio Pianciola, y la delegada Mabel Klehb, entre otras autoridades.<\/p>\n<p><img loading=\"lazy\" decoding=\"async\" class=\"alignnone size-full wp-image-60381\" src=\"https:\/\/laurbedigital.com.ar\/noticias\/wp-content\/uploads\/2021\/08\/20210830-Brown-San-Francisco-Asis-Cascallares.jpg\" alt=\"\" width=\"768\" height=\"428\" title=\"\" srcset=\"https:\/\/laurbedigital.com.ar\/noticias\/wp-content\/uploads\/2021\/08\/20210830-Brown-San-Francisco-Asis-Cascallares.jpg 768w, https:\/\/laurbedigital.com.ar\/noticias\/wp-content\/uploads\/2021\/08\/20210830-Brown-San-Francisco-Asis-Cascallares-300x167.jpg 300w\" sizes=\"auto, (max-width: 768px) 100vw, 768px\" \/><\/p>\n<p>Adem\u00e1s dijeron presente representantes de la Jefatura Distrital de Inspecci\u00f3n Escolar, del Jard\u00edn y Comedor \u201cMundo Feliz\u201d, del club Ramona D\u00edaz, de los Centros de Jubilados \u201cCelebrar la vida\u201d y \u201cNuevo Amanecer\u201d, de la Asociaci\u00f3n Civil \u201cLa Iaia\u201d y del Club Junior.<\/p>\n<p>Cabe mencionar que en la localidad de San Francisco de As\u00eds se llevaron adelante importantes obras y mejoras como la puesta en valor del Polideportivo Circuito Eva Per\u00f3n, la creaci\u00f3n de la nueva delegaci\u00f3n municipal, dos playones deportivos, un Centro Modular para la internaci\u00f3n de pacientes con Covid-19, instalaci\u00f3n de luminarias LED, urbanizaci\u00f3n de los barrios Don Orione Viejo y Libertad con la pavimentaci\u00f3n de m\u00e1s de 70 cuadras, nuevas c\u00e1maras de seguridad, alarmas comunitarias y la puesta en marcha en los pr\u00f3ximos d\u00edas del Parque Municipal, entre otras.<\/p>\n<\/div>\n<div><\/div>\n<div><\/div>\n","protected":false},"excerpt":{"rendered":"<p>El intendente de Almirante Brown, Mariano Cascallares, encabez\u00f3 un emotivo acto conmemorativo en el barrio de Don Orione por el<\/p>\n","protected":false},"author":1,"featured_media":60382,"comment_status":"closed","ping_status":"closed","sticky":false,"template":"","format":"standard","meta":{"kia_subtitle":"","footnotes":"","jetpack_publicize_message":"","jetpack_publicize_feature_enabled":true,"jetpack_social_post_already_shared":true,"jetpack_social_options":{"image_generator_settings":{"template":"highway","default_image_id":0,"font":"","enabled":false},"version":2}},"categories":[2,33,252],"tags":[],"class_list":["post-60380","post","type-post","status-publish","format-standard","has-post-thumbnail","hentry","category-alte-brown","category-alte-brown-alte-brown","category-san-francisco-de-asis"],"jetpack_publicize_connections":[],"jetpack_featured_media_url":"https:\/\/laurbedigital.com.ar\/noticias\/wp-content\/uploads\/2021\/08\/20210830-Brown-San-Francisco-Asis-Cascallares-2.jpg","_links":{"self":[{"href":"https:\/\/laurbedigital.com.ar\/noticias\/wp-json\/wp\/v2\/posts\/60380","targetHints":{"allow":["GET"]}}],"collection":[{"href":"https:\/\/laurbedigital.com.ar\/noticias\/wp-json\/wp\/v2\/posts"}],"about":[{"href":"https:\/\/laurbedigital.com.ar\/noticias\/wp-json\/wp\/v2\/types\/post"}],"author":[{"embeddable":true,"href":"https:\/\/laurbedigital.com.ar\/noticias\/wp-json\/wp\/v2\/users\/1"}],"replies":[{"embeddable":true,"href":"https:\/\/laurbedigital.com.ar\/noticias\/wp-json\/wp\/v2\/comments?post=60380"}],"version-history":[{"count":3,"href":"https:\/\/laurbedigital.com.ar\/noticias\/wp-json\/wp\/v2\/posts\/60380\/revisions"}],"predecessor-version":[{"id":60387,"href":"https:\/\/laurbedigital.com.ar\/noticias\/wp-json\/wp\/v2\/posts\/60380\/revisions\/60387"}],"wp:featuredmedia":[{"embeddable":true,"href":"https:\/\/laurbedigital.com.ar\/noticias\/wp-json\/wp\/v2\/media\/60382"}],"wp:attachment":[{"href":"https:\/\/laurbedigital.com.ar\/noticias\/wp-json\/wp\/v2\/media?parent=60380"}],"wp:term":[{"taxonomy":"category","embeddable":true,"href":"https:\/\/laurbedigital.com.ar\/noticias\/wp-json\/wp\/v2\/categories?post=60380"},{"taxonomy":"post_tag","embeddable":true,"href":"https:\/\/laurbedigital.com.ar\/noticias\/wp-json\/wp\/v2\/tags?post=60380"}],"curies":[{"name":"wp","href":"https:\/\/api.w.org\/{rel}","templated":true}]}}