{"id":60330,"date":"2021-08-30T10:59:14","date_gmt":"2021-08-30T13:59:14","guid":{"rendered":"https:\/\/laurbedigital.com.ar\/noticias\/?p=60330"},"modified":"2021-08-30T10:59:14","modified_gmt":"2021-08-30T13:59:14","slug":"equipo-argentino-de-antropologia-forense-exhumara-tumbas-nn-en-la-causa-de-los-vuelos-de-la-muerte","status":"publish","type":"post","link":"https:\/\/laurbedigital.com.ar\/noticias\/2021\/08\/30\/equipo-argentino-de-antropologia-forense-exhumara-tumbas-nn-en-la-causa-de-los-vuelos-de-la-muerte\/","title":{"rendered":"Equipo Argentino de Antropolog\u00eda Forense exhumar\u00e1 tumbas NN en la causa de los \u00abvuelos de la muerte\u00bb"},"content":{"rendered":"<p>&nbsp;<\/p>\n<h5>El Equipo Argentino de Antropolog\u00eda Forense (EAAF) realizar\u00e1 durante hoy y ma\u00f1ana tareas de excavaci\u00f3n y exhumaci\u00f3n en el cementerio de Villa Paranacito, provincia de Entre R\u00edos, en el marco de la causa que investiga los denominados \u00abvuelos de la muerte\u00bb, con el objeto de identificar posibles v\u00edctimas de este procedimiento utilizado durante la \u00faltima dictadura para la desaparici\u00f3n forzada de personas.<\/h5>\n<p>Los peritos trabajar\u00e1n sobre siete sepulturas se\u00f1aladas por quien se desempe\u00f1aba como sepulturero durante aquella \u00e9poca y que al declarar como testigo hizo ese aporte que puede resultar fundamental para la causa, inform\u00f3 la Fiscal\u00eda Federal de Concepci\u00f3n del Uruguay, a cargo de Josefina Minatta.<\/p>\n<p>El trabajador del cementerio relat\u00f3 que, durante los a\u00f1os de la dictadura, personal de la Polic\u00eda y de Prefectura Naval Argentina en varias oportunidades le llev\u00f3 cuerpos de personas fallecidas.<\/p>\n<p>Explic\u00f3 que se los dejaban tirados en el muelle del cementerio, sin caj\u00f3n, sin identificaci\u00f3n y sin ning\u00fan tipo de cuidados, para que \u00e9l los enterrara.<\/p>\n<p><img loading=\"lazy\" decoding=\"async\" class=\"alignnone size-full wp-image-60331\" src=\"https:\/\/laurbedigital.com.ar\/noticias\/wp-content\/uploads\/2021\/08\/20210830-vuelos-de-la-muerte.jpg\" alt=\"\" width=\"768\" height=\"428\" title=\"\" srcset=\"https:\/\/laurbedigital.com.ar\/noticias\/wp-content\/uploads\/2021\/08\/20210830-vuelos-de-la-muerte.jpg 768w, https:\/\/laurbedigital.com.ar\/noticias\/wp-content\/uploads\/2021\/08\/20210830-vuelos-de-la-muerte-300x167.jpg 300w\" sizes=\"auto, (max-width: 768px) 100vw, 768px\" \/><\/p>\n<p>El juez federal que interviene en la causa, Pablo Ser\u00f3, orden\u00f3 la exhumaci\u00f3n de los restos enterrados sin identificaci\u00f3n.<\/p>\n<p>El EAAF, que ya estuvo hace quince d\u00edas inspeccionando el lugar, buscar\u00e1 en principio en las sepulturas se\u00f1aladas y sobre las cuales la fiscal Minatta solicit\u00f3 medidas cautelares de no innovar.<\/p>\n<p>En funci\u00f3n de las labores que realicen, los antrop\u00f3logos evaluar\u00e1n si es necesario excavar y exhumar cuerpos en alguna otra \u00e1rea.<\/p>\n<p>La coordinaci\u00f3n de las tareas estar\u00e1 a cargo de Carlos Somigliana junto a un grupo de profesionales del organismo reconocido internacionalmente por la b\u00fasqueda de restos de personas desaparecidas.<\/p>\n<p>&nbsp;<\/p>\n<p>&nbsp;<\/p>\n","protected":false},"excerpt":{"rendered":"<p>&nbsp; El Equipo Argentino de Antropolog\u00eda Forense (EAAF) realizar\u00e1 durante hoy y ma\u00f1ana tareas de excavaci\u00f3n y exhumaci\u00f3n en el<\/p>\n","protected":false},"author":1,"featured_media":60332,"comment_status":"closed","ping_status":"closed","sticky":false,"template":"","format":"standard","meta":{"kia_subtitle":"","footnotes":"","jetpack_publicize_message":"","jetpack_publicize_feature_enabled":true,"jetpack_social_post_already_shared":true,"jetpack_social_options":{"image_generator_settings":{"template":"highway","default_image_id":0,"font":"","enabled":false},"version":2}},"categories":[3,61],"tags":[],"class_list":["post-60330","post","type-post","status-publish","format-standard","has-post-thumbnail","hentry","category-actualidad","category-ddhh"],"jetpack_publicize_connections":[],"jetpack_featured_media_url":"https:\/\/laurbedigital.com.ar\/noticias\/wp-content\/uploads\/2021\/08\/20210830-vuelos-de-la-muerte-1.jpg","_links":{"self":[{"href":"https:\/\/laurbedigital.com.ar\/noticias\/wp-json\/wp\/v2\/posts\/60330","targetHints":{"allow":["GET"]}}],"collection":[{"href":"https:\/\/laurbedigital.com.ar\/noticias\/wp-json\/wp\/v2\/posts"}],"about":[{"href":"https:\/\/laurbedigital.com.ar\/noticias\/wp-json\/wp\/v2\/types\/post"}],"author":[{"embeddable":true,"href":"https:\/\/laurbedigital.com.ar\/noticias\/wp-json\/wp\/v2\/users\/1"}],"replies":[{"embeddable":true,"href":"https:\/\/laurbedigital.com.ar\/noticias\/wp-json\/wp\/v2\/comments?post=60330"}],"version-history":[{"count":2,"href":"https:\/\/laurbedigital.com.ar\/noticias\/wp-json\/wp\/v2\/posts\/60330\/revisions"}],"predecessor-version":[{"id":60334,"href":"https:\/\/laurbedigital.com.ar\/noticias\/wp-json\/wp\/v2\/posts\/60330\/revisions\/60334"}],"wp:featuredmedia":[{"embeddable":true,"href":"https:\/\/laurbedigital.com.ar\/noticias\/wp-json\/wp\/v2\/media\/60332"}],"wp:attachment":[{"href":"https:\/\/laurbedigital.com.ar\/noticias\/wp-json\/wp\/v2\/media?parent=60330"}],"wp:term":[{"taxonomy":"category","embeddable":true,"href":"https:\/\/laurbedigital.com.ar\/noticias\/wp-json\/wp\/v2\/categories?post=60330"},{"taxonomy":"post_tag","embeddable":true,"href":"https:\/\/laurbedigital.com.ar\/noticias\/wp-json\/wp\/v2\/tags?post=60330"}],"curies":[{"name":"wp","href":"https:\/\/api.w.org\/{rel}","templated":true}]}}