{"id":59844,"date":"2021-08-23T13:03:25","date_gmt":"2021-08-23T16:03:25","guid":{"rendered":"https:\/\/laurbedigital.com.ar\/noticias\/?p=59844"},"modified":"2021-08-23T13:03:10","modified_gmt":"2021-08-23T16:03:10","slug":"la-industria-bonaerense-motoriza-la-recuperacion-y-supera-su-produccion-de-2019","status":"publish","type":"post","link":"https:\/\/laurbedigital.com.ar\/noticias\/2021\/08\/23\/la-industria-bonaerense-motoriza-la-recuperacion-y-supera-su-produccion-de-2019\/","title":{"rendered":"La industria bonaerense motoriza la recuperaci\u00f3n y supera su producci\u00f3n de 2019"},"content":{"rendered":"<p>&nbsp;<\/p>\n<h5>El crecimiento de la producci\u00f3n se percibe en sectores como el automotor o el de los neum\u00e1ticos, que superan valores de la pre-pandemia. Y ya impacta en la generaci\u00f3n de nuevos empleos.<\/h5>\n<p>La actividad industrial de la provincia de Buenos Aires impulsa la reactivaci\u00f3n econ\u00f3mica argentina, en especial a partir del crecimiento de los sectores automotor, sider\u00fargico, alimentos y neum\u00e1ticos, seg\u00fan datos relevados del Monitor Productivo, que se comparan con los valores anteriores a la pandemia.<\/p>\n<p>La industria nacional tuvo su mejor junio de los \u00faltimos cuatro a\u00f1os, ya que su producci\u00f3n creci\u00f3 19,1% interanual y super\u00f3 en 11,7% y en 3,7% los niveles de actividad del mismo mes de 2019 y de 2018, respectivamente.<\/p>\n<p>La provincia de Buenos Aires motoriza la recuperaci\u00f3n, al aportar el 48% del valor agregado de las industrias que crecieron en junio, respecto del mismo mes de 2019.<\/p>\n<p>La producci\u00f3n automotriz bonaerense es uno de los sectores de crecimiento m\u00e1s significativo, ya que en el primer semestre de 2021 super\u00f3 en un 19,1% el volumen de veh\u00edculos que produc\u00eda en los primeros seis meses de 2019. En tanto, la producci\u00f3n de neum\u00e1ticos en la Provincia creci\u00f3 un 15,9% respecto de la del primer semestre de 2019.<\/p>\n<p>En el sector de alimentos se destaca el crecimiento de la faena porcina, la elaboraci\u00f3n de aceite de girasol y la molienda de trigo, rubros que crecieron 9,1%, 12,7% y 2,6%, respectivamente, en comparaci\u00f3n con el primer semestre de 2019.<\/p>\n<p>La suba en la actividad productiva del sector industrial tambi\u00e9n impact\u00f3 en el consumo energ\u00e9tico y en los \u00edndices de empleos de calidad.<\/p>\n<p>De acuerdo con lo relevado, la demanda de energ\u00eda el\u00e9ctrica de los grandes usuarios industriales de la Provincia tuvo su mejor junio desde 2014 y creci\u00f3 un 14,9% respecto del mismo mes de 2019. En el primer semestre de este a\u00f1o, super\u00f3 en un 5,7% el nivel de demanda del per\u00edodo enero-junio de 2019.<\/p>\n<p>La provincia de Buenos Aires aport\u00f3 el 39% de los empleos registrados generados por el sector privado a nivel nacional, lo que se traduce en la creaci\u00f3n de 30.308 nuevos puestos de trabajo asalariados respecto de mayo de 2020.<\/p>\n<p>A nivel nacional, en mayo se midi\u00f3 un crecimiento interanual del 1,4%, con 78.542 nuevos empleos registrados generados por el sector privado.<\/p>\n<p>En t\u00e9rminos desestacionalizados, el empleo en la industria nacional creci\u00f3 un 2,1% comparado con diciembre de 2019, lo que significa 23.206 nuevos empleos generados. M\u00e1s de 9.000 de ellos fueron aportados por la Provincia de Buenos Aires, es decir, un 40% del total.<\/p>\n<p>Tambi\u00e9n en t\u00e9rminos desestacionalizados, el empleo registrado en la Provincia creci\u00f3 por cuarto mes consecutivo, con una suba de un 0,3% en comparaci\u00f3n con abril de 2021.<\/p>\n<p>&nbsp;<\/p>\n<p>&nbsp;<\/p>\n","protected":false},"excerpt":{"rendered":"<p>&nbsp; El crecimiento de la producci\u00f3n se percibe en sectores como el automotor o el de los neum\u00e1ticos, que superan<\/p>\n","protected":false},"author":1,"featured_media":59845,"comment_status":"closed","ping_status":"closed","sticky":false,"template":"","format":"standard","meta":{"kia_subtitle":"","footnotes":"","jetpack_publicize_message":"","jetpack_publicize_feature_enabled":true,"jetpack_social_post_already_shared":true,"jetpack_social_options":{"image_generator_settings":{"template":"highway","default_image_id":0,"font":"","enabled":false},"version":2}},"categories":[3,56],"tags":[],"class_list":["post-59844","post","type-post","status-publish","format-standard","has-post-thumbnail","hentry","category-actualidad","category-buenos-aires"],"jetpack_publicize_connections":[],"jetpack_featured_media_url":"https:\/\/laurbedigital.com.ar\/noticias\/wp-content\/uploads\/2021\/08\/20210823-Provincia-Trabajador.jpg","_links":{"self":[{"href":"https:\/\/laurbedigital.com.ar\/noticias\/wp-json\/wp\/v2\/posts\/59844","targetHints":{"allow":["GET"]}}],"collection":[{"href":"https:\/\/laurbedigital.com.ar\/noticias\/wp-json\/wp\/v2\/posts"}],"about":[{"href":"https:\/\/laurbedigital.com.ar\/noticias\/wp-json\/wp\/v2\/types\/post"}],"author":[{"embeddable":true,"href":"https:\/\/laurbedigital.com.ar\/noticias\/wp-json\/wp\/v2\/users\/1"}],"replies":[{"embeddable":true,"href":"https:\/\/laurbedigital.com.ar\/noticias\/wp-json\/wp\/v2\/comments?post=59844"}],"version-history":[{"count":2,"href":"https:\/\/laurbedigital.com.ar\/noticias\/wp-json\/wp\/v2\/posts\/59844\/revisions"}],"predecessor-version":[{"id":59847,"href":"https:\/\/laurbedigital.com.ar\/noticias\/wp-json\/wp\/v2\/posts\/59844\/revisions\/59847"}],"wp:featuredmedia":[{"embeddable":true,"href":"https:\/\/laurbedigital.com.ar\/noticias\/wp-json\/wp\/v2\/media\/59845"}],"wp:attachment":[{"href":"https:\/\/laurbedigital.com.ar\/noticias\/wp-json\/wp\/v2\/media?parent=59844"}],"wp:term":[{"taxonomy":"category","embeddable":true,"href":"https:\/\/laurbedigital.com.ar\/noticias\/wp-json\/wp\/v2\/categories?post=59844"},{"taxonomy":"post_tag","embeddable":true,"href":"https:\/\/laurbedigital.com.ar\/noticias\/wp-json\/wp\/v2\/tags?post=59844"}],"curies":[{"name":"wp","href":"https:\/\/api.w.org\/{rel}","templated":true}]}}