{"id":59738,"date":"2021-08-20T15:57:57","date_gmt":"2021-08-20T18:57:57","guid":{"rendered":"https:\/\/laurbedigital.com.ar\/noticias\/?p=59738"},"modified":"2021-08-20T15:57:57","modified_gmt":"2021-08-20T18:57:57","slug":"las-exportaciones-argentinas-alcanzaron-en-siete-meses-el-mayor-crecimiento-en-ocho-anos","status":"publish","type":"post","link":"https:\/\/laurbedigital.com.ar\/noticias\/2021\/08\/20\/las-exportaciones-argentinas-alcanzaron-en-siete-meses-el-mayor-crecimiento-en-ocho-anos\/","title":{"rendered":"Las exportaciones argentinas alcanzaron en siete meses el mayor crecimiento en ocho a\u00f1os"},"content":{"rendered":"<p>&nbsp;<\/p>\n<h5>Acumulan un incremento interanual de 31,2%, lo que se explica por un aumento de precios (24,3%) y, en menor medida, de las cantidades (5,6%).<\/h5>\n<p>Las exportaciones argentinas sumaron 42.625 millones de d\u00f3lares en los primeros siete meses del 2021, alcanzando el mayor valor de los \u00faltimos ocho a\u00f1os, destac\u00f3 la Canciller\u00eda argentina.<\/p>\n<p>De este modo, las exportaciones de nuestro pa\u00eds acumulan un incremento interanual de 31,2%, lo que se explica por un aumento de precios (24,3%) y, en menor medida, de las cantidades (5,6%).<\/p>\n<p>Paralelamente, el saldo comercial de los primeros siete meses fue superavitario para la Argentina en 8.310 millones de d\u00f3lares, consign\u00f3 la Canciller\u00eda en un comunicado.<\/p>\n<p><em><strong>\u00abAs\u00ed, en el marco del intenso trabajo que viene desplegando la cartera que conduce Felipe Sol\u00e1 a trav\u00e9s de la Secretar\u00eda de Relaciones Econ\u00f3micas Internacionales a cargo de Jorge Neme, las exportaciones del mes de julio totalizaron 7.252 millones de d\u00f3lares, el mayor nivel registrado desde junio de 2013\u00bb<\/strong>,<\/em> destac\u00f3 la Canciller\u00eda.<\/p>\n<p>Como resultado de ello, las exportaciones crecieron 47,1% interanual, principalmente por un aumento de 33,3% en los precios, mientras que las cantidades aumentaron 9,3%.<\/p>\n<p><strong>En julio aumentaron los valores exportados de todos los grandes rubros<\/strong>, y entre ellos sobresalen los crecimientos de las manufacturas de origen industrial (MOI), con incrementos de 45,2% en cantidades y 21,7% en precios, y manufacturas de origen agropecuario (MOA), como resultado de un aumento de 34,8 en precios, mientras que cayeron las cantidades en 4,8%.<\/p>\n<p><img loading=\"lazy\" decoding=\"async\" class=\"alignnone wp-image-59740 size-full\" src=\"https:\/\/laurbedigital.com.ar\/noticias\/wp-content\/uploads\/2021\/08\/20210820-Exportaciones1-e1629485857359.jpg\" alt=\"\" width=\"768\" height=\"410\" title=\"\" srcset=\"https:\/\/laurbedigital.com.ar\/noticias\/wp-content\/uploads\/2021\/08\/20210820-Exportaciones1-e1629485857359.jpg 768w, https:\/\/laurbedigital.com.ar\/noticias\/wp-content\/uploads\/2021\/08\/20210820-Exportaciones1-e1629485857359-300x160.jpg 300w\" sizes=\"auto, (max-width: 768px) 100vw, 768px\" \/><\/p>\n<p>Las exportaciones de las MOA representan un r\u00e9cord hist\u00f3rico, tanto para julio como para el acumulado de los primeros siete meses del a\u00f1o. En cuanto a las MOI, en julio las exportaciones crecieron 78,7% en comparaci\u00f3n con 2020.<\/p>\n<p>En este contexto, la Canciller\u00eda argentina acompa\u00f1\u00f3 a los exportadores a trav\u00e9s de las acciones de promoci\u00f3n comercial y de inversiones que se coordinan mediante el Consejo P\u00fablico Privado, el espacio institucional de di\u00e1logo con empresas y asociaciones empresarias.<\/p>\n<p>Este Consejo <em>\u00abfue lanzado en julio de 2020 y congrega a representantes de 288 c\u00e1maras de 76 complejos productivos argentinos y m\u00e1s de 18 mil empresas bajo un objetivo com\u00fan: incrementar y diversificar las exportaciones argentinas, tanto en t\u00e9rminos de mercados como de productos, a trav\u00e9s del dise\u00f1o y la implementaci\u00f3n de una estrategia de inserci\u00f3n de nuestro pa\u00eds en el comercio internacional, con una proyecci\u00f3n de largo plazo que trasciende las actuales limitaciones impuestas por la pandemia\u00bb,<\/em> indic\u00f3 la Canciller\u00eda.<\/p>\n<p>Esta tarea se desarrolla junto con las embajadas y centros de promoci\u00f3n comercial de nuestro pa\u00eds en el mundo, y tambi\u00e9n a trav\u00e9s de un amplio di\u00e1logo con las provincias, ya que sus grupos de trabajo definen la oferta exportable argentina para cada complejo exportador.<\/p>\n<p>Indic\u00f3 adem\u00e1s que<strong>\u00a0<em>\u00aben base a los mercados priorizados se puso en marcha Plan de Promoci\u00f3n de Exportaciones 2021 que prev\u00e9 la realizaci\u00f3n de un total de 657 acciones en el exterior\u00bb<\/em><\/strong><em>.<\/em><\/p>\n<p><strong>A nivel global<\/strong>, divididas por tipo de acci\u00f3n, estas son talleres de oferta tecnol\u00f3gica (89), misiones oficiales (295), ferias (140), rondas de negocios (40) y acciones de posicionamiento (93).<\/p>\n<p>Estas acciones van a cubrir todo el abanico productivo argentino: MOA (28%), MOI (39%), Servicios Basados en el Conocimiento (14%), Industrias Culturales y Creativas (9%) y Turismo y Deporte (10%), esta promoci\u00f3n comercial se complementa con una pol\u00edtica de atracci\u00f3n de inversiones, concluy\u00f3 el comunicado de la Canciller\u00eda argentina.<\/p>\n<p>&nbsp;<\/p>\n","protected":false},"excerpt":{"rendered":"<p>&nbsp; Acumulan un incremento interanual de 31,2%, lo que se explica por un aumento de precios (24,3%) y, en menor<\/p>\n","protected":false},"author":1,"featured_media":59739,"comment_status":"closed","ping_status":"closed","sticky":false,"template":"","format":"standard","meta":{"kia_subtitle":"","footnotes":"","jetpack_publicize_message":"","jetpack_publicize_feature_enabled":true,"jetpack_social_post_already_shared":true,"jetpack_social_options":{"image_generator_settings":{"template":"highway","default_image_id":0,"font":"","enabled":false},"version":2}},"categories":[3,41],"tags":[],"class_list":["post-59738","post","type-post","status-publish","format-standard","has-post-thumbnail","hentry","category-actualidad","category-nacionales"],"jetpack_publicize_connections":[],"jetpack_featured_media_url":"https:\/\/laurbedigital.com.ar\/noticias\/wp-content\/uploads\/2021\/08\/20210820-Exportaciones.jpg","_links":{"self":[{"href":"https:\/\/laurbedigital.com.ar\/noticias\/wp-json\/wp\/v2\/posts\/59738","targetHints":{"allow":["GET"]}}],"collection":[{"href":"https:\/\/laurbedigital.com.ar\/noticias\/wp-json\/wp\/v2\/posts"}],"about":[{"href":"https:\/\/laurbedigital.com.ar\/noticias\/wp-json\/wp\/v2\/types\/post"}],"author":[{"embeddable":true,"href":"https:\/\/laurbedigital.com.ar\/noticias\/wp-json\/wp\/v2\/users\/1"}],"replies":[{"embeddable":true,"href":"https:\/\/laurbedigital.com.ar\/noticias\/wp-json\/wp\/v2\/comments?post=59738"}],"version-history":[{"count":2,"href":"https:\/\/laurbedigital.com.ar\/noticias\/wp-json\/wp\/v2\/posts\/59738\/revisions"}],"predecessor-version":[{"id":59742,"href":"https:\/\/laurbedigital.com.ar\/noticias\/wp-json\/wp\/v2\/posts\/59738\/revisions\/59742"}],"wp:featuredmedia":[{"embeddable":true,"href":"https:\/\/laurbedigital.com.ar\/noticias\/wp-json\/wp\/v2\/media\/59739"}],"wp:attachment":[{"href":"https:\/\/laurbedigital.com.ar\/noticias\/wp-json\/wp\/v2\/media?parent=59738"}],"wp:term":[{"taxonomy":"category","embeddable":true,"href":"https:\/\/laurbedigital.com.ar\/noticias\/wp-json\/wp\/v2\/categories?post=59738"},{"taxonomy":"post_tag","embeddable":true,"href":"https:\/\/laurbedigital.com.ar\/noticias\/wp-json\/wp\/v2\/tags?post=59738"}],"curies":[{"name":"wp","href":"https:\/\/api.w.org\/{rel}","templated":true}]}}