{"id":58489,"date":"2021-07-29T15:24:11","date_gmt":"2021-07-29T18:24:11","guid":{"rendered":"https:\/\/laurbedigital.com.ar\/noticias\/?p=58489"},"modified":"2021-07-29T15:24:36","modified_gmt":"2021-07-29T18:24:36","slug":"avanza-en-san-vicente-el-programa-de-fortalecimiento-institucional-para-clubes-de-barrio-y-del-pueblo","status":"publish","type":"post","link":"https:\/\/laurbedigital.com.ar\/noticias\/2021\/07\/29\/avanza-en-san-vicente-el-programa-de-fortalecimiento-institucional-para-clubes-de-barrio-y-del-pueblo\/","title":{"rendered":"Avanza en San Vicente el programa de Fortalecimiento Institucional para Clubes de Barrio y del Pueblo"},"content":{"rendered":"<p>&nbsp;<\/p>\n<h5>El Programa lanzado por el Ministerio de Turismo y Deportes para dar respuesta a una demanda hist\u00f3rica de las instituciones lleg\u00f3 a San Vicente con el objetivo de gestionar gastos administrativos como honorarios profesionales, obligaciones impositivas y compra de libros de actas, entre otras necesidades que les muestran los clubes.<\/h5>\n<p>Este tiene como objetivo apoyar a las instituciones deportivas en su proceso de regularizaci\u00f3n, junto con ayudas econ\u00f3micas, asesoramiento t\u00e9cnico para su regulaci\u00f3n jur\u00eddica y distintos tipos capacitaciones para incorporar conocimientos te\u00f3ricos y pr\u00e1cticos.<\/p>\n<p>Puntualmente, en el municipio de San Vicente estar\u00e1n abarcando doce diferentes clubes, buscando una mejor inserci\u00f3n, mayor participaci\u00f3n social y una adecuada administraci\u00f3n de sus recursos.<\/p>\n<p>Autoridades municipales remarcaron que<em> \u201cun Estado presente es fundamental para el crecimiento y el desarrollo integral de estas instituciones. Por eso, continuamos trabajando conjuntamente con el Ministerio de Turismo y deportes de la Naci\u00f3n, para seguir regularizado y formalizando estas instituciones que son de gran importancia para la organizaci\u00f3n y desarrollo de los vecinos y vecinas en los barrios\u201d.<\/em><\/p>\n","protected":false},"excerpt":{"rendered":"<p>&nbsp; El Programa lanzado por el Ministerio de Turismo y Deportes para dar respuesta a una demanda hist\u00f3rica de las<\/p>\n","protected":false},"author":1,"featured_media":58490,"comment_status":"closed","ping_status":"closed","sticky":false,"template":"","format":"standard","meta":{"kia_subtitle":"","footnotes":"","jetpack_publicize_message":"","jetpack_publicize_feature_enabled":true,"jetpack_social_post_already_shared":true,"jetpack_social_options":{"image_generator_settings":{"template":"highway","default_image_id":0,"font":"","enabled":false},"version":2}},"categories":[13,246],"tags":[],"class_list":["post-58489","post","type-post","status-publish","format-standard","has-post-thumbnail","hentry","category-region","category-san-vicente"],"jetpack_publicize_connections":[],"jetpack_featured_media_url":"https:\/\/laurbedigital.com.ar\/noticias\/wp-content\/uploads\/2021\/07\/20210729-sv.jpg","_links":{"self":[{"href":"https:\/\/laurbedigital.com.ar\/noticias\/wp-json\/wp\/v2\/posts\/58489","targetHints":{"allow":["GET"]}}],"collection":[{"href":"https:\/\/laurbedigital.com.ar\/noticias\/wp-json\/wp\/v2\/posts"}],"about":[{"href":"https:\/\/laurbedigital.com.ar\/noticias\/wp-json\/wp\/v2\/types\/post"}],"author":[{"embeddable":true,"href":"https:\/\/laurbedigital.com.ar\/noticias\/wp-json\/wp\/v2\/users\/1"}],"replies":[{"embeddable":true,"href":"https:\/\/laurbedigital.com.ar\/noticias\/wp-json\/wp\/v2\/comments?post=58489"}],"version-history":[{"count":3,"href":"https:\/\/laurbedigital.com.ar\/noticias\/wp-json\/wp\/v2\/posts\/58489\/revisions"}],"predecessor-version":[{"id":58493,"href":"https:\/\/laurbedigital.com.ar\/noticias\/wp-json\/wp\/v2\/posts\/58489\/revisions\/58493"}],"wp:featuredmedia":[{"embeddable":true,"href":"https:\/\/laurbedigital.com.ar\/noticias\/wp-json\/wp\/v2\/media\/58490"}],"wp:attachment":[{"href":"https:\/\/laurbedigital.com.ar\/noticias\/wp-json\/wp\/v2\/media?parent=58489"}],"wp:term":[{"taxonomy":"category","embeddable":true,"href":"https:\/\/laurbedigital.com.ar\/noticias\/wp-json\/wp\/v2\/categories?post=58489"},{"taxonomy":"post_tag","embeddable":true,"href":"https:\/\/laurbedigital.com.ar\/noticias\/wp-json\/wp\/v2\/tags?post=58489"}],"curies":[{"name":"wp","href":"https:\/\/api.w.org\/{rel}","templated":true}]}}