{"id":58486,"date":"2021-07-29T12:52:30","date_gmt":"2021-07-29T15:52:30","guid":{"rendered":"https:\/\/laurbedigital.com.ar\/noticias\/?p=58486"},"modified":"2021-07-29T12:52:30","modified_gmt":"2021-07-29T15:52:30","slug":"anses-aclaro-requisitos-que-deben-cumplir-las-mujeres-sin-aportes-y-con-hijos-para-jubilarse","status":"publish","type":"post","link":"https:\/\/laurbedigital.com.ar\/noticias\/2021\/07\/29\/anses-aclaro-requisitos-que-deben-cumplir-las-mujeres-sin-aportes-y-con-hijos-para-jubilarse\/","title":{"rendered":"Anses aclar\u00f3 requisitos que deben cumplir las mujeres sin aportes y con hijos para jubilarse"},"content":{"rendered":"<p>&nbsp;<\/p>\n<h5>Podr\u00e1n sumar de uno a tres a\u00f1os de servicios computables para su jubilaci\u00f3n por cada hijo, seg\u00fan la resoluci\u00f3n 154\/2021 publicada hoy.<\/h5>\n<p>La Administraci\u00f3n Nacional de la Seguridad Social (Anses) emiti\u00f3 una serie de disposiciones complementarias y aclaratorias que deben cumplir las mujeres sin aportes y con hijos para jubilarse.<\/p>\n<p>Ante las dudas sobre la aplicaci\u00f3n de la sumatoria de aportes jubilatorios para las amas de casa por cada uno de sus hijos, el organismo que lidera Fernanda Raverta emiti\u00f3 la resoluci\u00f3n 154\/2021 publicada este jueves en el Bolet\u00edn Oficial, donde estableci\u00f3 los requisitos y tramitaciones que se deber\u00e1n cumplir las mujeres para poder sumar de uno a tres a\u00f1os de servicios computables para su jubilaci\u00f3n por cada hijo, tal como dispuso el Decreto 475\/21 oficializado el 19 de julio.<\/p>\n<p>Con esta norma se permitir\u00e1 a las mujeres y\/o personas gestantes alcanzar el m\u00ednimo de servicios necesarios para el logro de la Prestaci\u00f3n B\u00e1sica Universal (PBU), que consistir\u00e1 en la acreditaci\u00f3n de un a\u00f1o de servicio por cada hijo y\/o hija que haya nacido con vida, que se podr\u00e1 extender hasta dos a\u00f1os en determinados casos, como ni\u00f1os adoptados o hijos con discapacidad.<\/p>\n<p>Dentro de las aclaraciones dispuestas por el organismo en la resoluci\u00f3n se precis\u00f3 que\u00a0<em>\u201ccon el objeto de computar los a\u00f1os de servicios, se tendr\u00e1 en cuenta cada hijo y\/o hija cuyo nacimiento y discapacidad, de corresponder, se encuentre registrado en las bases de la ANSeS\u00a0y vinculado a la persona que solicita el beneficio, en virtud de la documentaci\u00f3n que el Organismo disponga a tales efectos\u201d.<\/em><\/p>\n<p>Asimismo, aclar\u00f3 el organismo que <em>\u201cen caso que dicha informaci\u00f3n no surja de los registros obrantes en la ANSeS, la persona solicitante deber\u00e1 presentar la prueba documental pertinente para la acreditaci\u00f3n del hijo y\/o de la hija\u201d.<\/em><\/p>\n<p>Para eso deber\u00e1 presentar el\u00a0Certificado \u00danico de Discapacidad, el Certificado de Discapacidad emitido por los organismos provinciales competentes en la materia,\u00a0la\u00a0constancia que acredite haber registrado derecho a percibir la Asignaci\u00f3n por Hijo con Discapacidad y la\u00a0constancia que acredite el derecho a una Pensi\u00f3n No Contributiva por Invalidez.<\/p>\n<p>En cuanto al c\u00f3mputo de servicios por la Asignaci\u00f3n Universal por Hijo (AUH), la administraci\u00f3n dispuso que \u201centi\u00e9ndase por persona que haya accedido a la AUH para Protecci\u00f3n Social, a la mujer y\/o persona gestante a la que se le haya liquidado y\/o puesto al pago la mencionada Asignaci\u00f3n, por el ni\u00f1o o la ni\u00f1a por quien se ha computado el a\u00f1o o los a\u00f1os adicionales de servicios, independientemente del estado de rendici\u00f3n de la liquidaci\u00f3n; a excepci\u00f3n de aquellos per\u00edodos de liquidaci\u00f3n de la Asignaci\u00f3n Universal por Hijo para Protecci\u00f3n Social que hayan sido suspendidos\u201d.<\/p>\n<p>Se aclar\u00f3 en la normativa que este c\u00f3mputo\u00a0<em>\u201cno tendr\u00e1 efecto alguno como incremento o bonificaci\u00f3n de los haberes jubilatorios\u201d<\/em> y se precis\u00f3 que <em>\u201cser\u00e1 considerado con los extremos del r\u00e9gimen general, s\u00f3lo a los fines de alcanzar el m\u00ednimo de a\u00f1os de servicios requeridos para la obtenci\u00f3n del beneficio jubilatorio\u201d.<\/em><\/p>\n<p>Respecto a la acreditaci\u00f3n del per\u00edodo de licencia por maternidad y\/o estado de excedencia, la Anses dispuso que<em> \u201cconsiderar\u00e1 la informaci\u00f3n que surja inequ\u00edvocamente de las Declaraciones Juradas remitidas por los empleadores y las empleadoras que se visualizan en el sistema inform\u00e1tico SIPA que administra este Organismo\u201d.<\/em><\/p>\n<p>Pero en el caso que dicha informaci\u00f3n no se encuentre en esa plataforma, <em>\u201cse considerar\u00e1 v\u00e1lido el per\u00edodo de licencia por maternidad o estado excedencia consignado en la Certificaci\u00f3n de Servicios\u201d,<\/em> siempre que la fecha de nacimiento del hijo o de la hija de la mujer y\/o persona gestante hubiera ocurrido dentro del per\u00edodo <em>\u201cinmediatamente anterior al de licencia por maternidad o durante el goce de la misma\u201d.<\/em><\/p>\n<p>No obstante, se apunt\u00f3 en la normativa que los per\u00edodos de licencia <em>\u201cs\u00f3lo podr\u00e1n ser computados en tanto los servicios anteriores trabajados para el mismo empleador que las otorg\u00f3 se encuentren probados y acreditados por la Anses\u201d.<\/em><\/p>\n<p>Seg\u00fan se explic\u00f3 para los tr\u00e1mites de Retiro Transitorio por Invalidez y Pensi\u00f3n Directa por Fallecimiento, cuando la solicitante o causante, respectivamente, sea mujer y\/o persona gestante, el estado de excedencia s\u00f3lo podr\u00e1 computarse a fin de acreditar el m\u00ednimo de a\u00f1os de servicios exigido para acceder a la jubilaci\u00f3n ordinaria o el 50% del mismo, para cumplir con la condici\u00f3n de Aportante Regular o Irregular con Derecho seg\u00fan corresponda\u201d.<\/p>\n<p>Con esta iniciativa se busca que mujeres que alcanzaron los 60 a\u00f1os de edad y no completaron los 30 a\u00f1os de aportes puedan jubilarse al reconocerles el trabajo de cuidar a sus hijos. De acuerdo a las estimaciones de la Anses, cerca de 155 mil mujeres podr\u00edan jubilarse a partir de este decreto. dib<\/p>\n","protected":false},"excerpt":{"rendered":"<p>&nbsp; Podr\u00e1n sumar de uno a tres a\u00f1os de servicios computables para su jubilaci\u00f3n por cada hijo, seg\u00fan la resoluci\u00f3n<\/p>\n","protected":false},"author":1,"featured_media":44117,"comment_status":"closed","ping_status":"closed","sticky":false,"template":"","format":"standard","meta":{"kia_subtitle":"","footnotes":"","jetpack_publicize_message":"","jetpack_publicize_feature_enabled":true,"jetpack_social_post_already_shared":true,"jetpack_social_options":{"image_generator_settings":{"template":"highway","default_image_id":0,"font":"","enabled":false},"version":2}},"categories":[3,41],"tags":[],"class_list":["post-58486","post","type-post","status-publish","format-standard","has-post-thumbnail","hentry","category-actualidad","category-nacionales"],"jetpack_publicize_connections":[],"jetpack_featured_media_url":"https:\/\/laurbedigital.com.ar\/noticias\/wp-content\/uploads\/2021\/01\/20210106-anses.jpg","_links":{"self":[{"href":"https:\/\/laurbedigital.com.ar\/noticias\/wp-json\/wp\/v2\/posts\/58486","targetHints":{"allow":["GET"]}}],"collection":[{"href":"https:\/\/laurbedigital.com.ar\/noticias\/wp-json\/wp\/v2\/posts"}],"about":[{"href":"https:\/\/laurbedigital.com.ar\/noticias\/wp-json\/wp\/v2\/types\/post"}],"author":[{"embeddable":true,"href":"https:\/\/laurbedigital.com.ar\/noticias\/wp-json\/wp\/v2\/users\/1"}],"replies":[{"embeddable":true,"href":"https:\/\/laurbedigital.com.ar\/noticias\/wp-json\/wp\/v2\/comments?post=58486"}],"version-history":[{"count":2,"href":"https:\/\/laurbedigital.com.ar\/noticias\/wp-json\/wp\/v2\/posts\/58486\/revisions"}],"predecessor-version":[{"id":58488,"href":"https:\/\/laurbedigital.com.ar\/noticias\/wp-json\/wp\/v2\/posts\/58486\/revisions\/58488"}],"wp:featuredmedia":[{"embeddable":true,"href":"https:\/\/laurbedigital.com.ar\/noticias\/wp-json\/wp\/v2\/media\/44117"}],"wp:attachment":[{"href":"https:\/\/laurbedigital.com.ar\/noticias\/wp-json\/wp\/v2\/media?parent=58486"}],"wp:term":[{"taxonomy":"category","embeddable":true,"href":"https:\/\/laurbedigital.com.ar\/noticias\/wp-json\/wp\/v2\/categories?post=58486"},{"taxonomy":"post_tag","embeddable":true,"href":"https:\/\/laurbedigital.com.ar\/noticias\/wp-json\/wp\/v2\/tags?post=58486"}],"curies":[{"name":"wp","href":"https:\/\/api.w.org\/{rel}","templated":true}]}}