{"id":58258,"date":"2021-07-26T11:00:35","date_gmt":"2021-07-26T14:00:35","guid":{"rendered":"https:\/\/laurbedigital.com.ar\/noticias\/?p=58258"},"modified":"2021-07-26T11:00:53","modified_gmt":"2021-07-26T14:00:53","slug":"la-familia-confirma-que-chano-esta-en-terapia-intensiva","status":"publish","type":"post","link":"https:\/\/laurbedigital.com.ar\/noticias\/2021\/07\/26\/la-familia-confirma-que-chano-esta-en-terapia-intensiva\/","title":{"rendered":"La familia confirma que \u00abChano\u00bb est\u00e1 en \u00abterapia intensiva\u00bb"},"content":{"rendered":"<h5><\/h5>\n<h5 id=\"div_cuerpo\" class=\"content cable-content\">La familia de Santiago \u201cChano\u201d Charpentier inform\u00f3 que el m\u00fasico se encuentra internado en \u201cterapia intensiva\u201d en el sanatorio Otamendi del barrio porte\u00f1o de Recoleta con algunos \u00f3rganos afectados producto del disparo de arma de fuego que recibi\u00f3 esta madrugada en un incidente con la polic\u00eda.<\/h5>\n<div class=\"content cable-content\">Con un comunicado difundido esta ma\u00f1ana por redes sociales, la familia del m\u00fasico indic\u00f3: <em>\u201cChano se encuentra en este momento en la terapia intensiva del sanatorio Otamendi v\u00edctima de un disparo que recibiera por parte de la Polic\u00eda Provincial como resultado del cual resultaron afectados uno de sus ri\u00f1ones, el p\u00e1ncreas y el vaso\u201d.<br \/>\n<\/em><br \/>\n<em>\u201cEl incidente ocurri\u00f3 anoche en circunstancias en que su familia y los m\u00e9dicos de la obra social intentaban trasladarlo\u201d,<\/em> agrega el reporte.Por \u00faltimo, la familia anunci\u00f3 que <em>\u201ceste mediod\u00eda se emitir\u00e1 un comunicado sobre la evoluci\u00f3n de su salud por parte del sanatorio\u201d.<\/em><\/p>\n<\/div>\n<div><\/div>\n<div><\/div>\n","protected":false},"excerpt":{"rendered":"<p>La familia de Santiago \u201cChano\u201d Charpentier inform\u00f3 que el m\u00fasico se encuentra internado en \u201cterapia intensiva\u201d en el sanatorio Otamendi<\/p>\n","protected":false},"author":1,"featured_media":58259,"comment_status":"closed","ping_status":"closed","sticky":false,"template":"","format":"standard","meta":{"kia_subtitle":"","footnotes":"","jetpack_publicize_message":"","jetpack_publicize_feature_enabled":true,"jetpack_social_post_already_shared":true,"jetpack_social_options":{"image_generator_settings":{"template":"highway","default_image_id":0,"font":"","enabled":false},"version":2}},"categories":[68],"tags":[],"class_list":["post-58258","post","type-post","status-publish","format-standard","has-post-thumbnail","hentry","category-cine-y-series"],"jetpack_publicize_connections":[],"jetpack_featured_media_url":"https:\/\/laurbedigital.com.ar\/noticias\/wp-content\/uploads\/2021\/07\/20210726-Chano.jpg","_links":{"self":[{"href":"https:\/\/laurbedigital.com.ar\/noticias\/wp-json\/wp\/v2\/posts\/58258","targetHints":{"allow":["GET"]}}],"collection":[{"href":"https:\/\/laurbedigital.com.ar\/noticias\/wp-json\/wp\/v2\/posts"}],"about":[{"href":"https:\/\/laurbedigital.com.ar\/noticias\/wp-json\/wp\/v2\/types\/post"}],"author":[{"embeddable":true,"href":"https:\/\/laurbedigital.com.ar\/noticias\/wp-json\/wp\/v2\/users\/1"}],"replies":[{"embeddable":true,"href":"https:\/\/laurbedigital.com.ar\/noticias\/wp-json\/wp\/v2\/comments?post=58258"}],"version-history":[{"count":3,"href":"https:\/\/laurbedigital.com.ar\/noticias\/wp-json\/wp\/v2\/posts\/58258\/revisions"}],"predecessor-version":[{"id":58262,"href":"https:\/\/laurbedigital.com.ar\/noticias\/wp-json\/wp\/v2\/posts\/58258\/revisions\/58262"}],"wp:featuredmedia":[{"embeddable":true,"href":"https:\/\/laurbedigital.com.ar\/noticias\/wp-json\/wp\/v2\/media\/58259"}],"wp:attachment":[{"href":"https:\/\/laurbedigital.com.ar\/noticias\/wp-json\/wp\/v2\/media?parent=58258"}],"wp:term":[{"taxonomy":"category","embeddable":true,"href":"https:\/\/laurbedigital.com.ar\/noticias\/wp-json\/wp\/v2\/categories?post=58258"},{"taxonomy":"post_tag","embeddable":true,"href":"https:\/\/laurbedigital.com.ar\/noticias\/wp-json\/wp\/v2\/tags?post=58258"}],"curies":[{"name":"wp","href":"https:\/\/api.w.org\/{rel}","templated":true}]}}