{"id":58089,"date":"2021-07-23T10:48:05","date_gmt":"2021-07-23T13:48:05","guid":{"rendered":"https:\/\/laurbedigital.com.ar\/noticias\/?p=58089"},"modified":"2021-07-23T10:48:05","modified_gmt":"2021-07-23T13:48:05","slug":"absuelven-a-una-mujer-que-fue-mula-por-una-situacion-desesperante","status":"publish","type":"post","link":"https:\/\/laurbedigital.com.ar\/noticias\/2021\/07\/23\/absuelven-a-una-mujer-que-fue-mula-por-una-situacion-desesperante\/","title":{"rendered":"Absuelven a una mujer que fue \u00abmula\u00bb por una situaci\u00f3n \u00abdesesperante\u00bb"},"content":{"rendered":"<p>&nbsp;<\/p>\n<h5>En un fallo con perspectiva de g\u00e9nero, la Justicia neuquina la absolvi\u00f3 del delito de contrabando de estupefacientes en la modalidad \u201cmula\u201d por el que estuvo detenida dos a\u00f1os y medio en Ezeiza.<\/h5>\n<p>En un<strong>\u00a0fallo con perspectiva de g\u00e9nero, una mujer salte\u00f1a de 63 a\u00f1os sin primaria completa, y que atravesaba una situaci\u00f3n familiar \u201cdesesperante\u201d por motivos de salud, fue absuelta por la Justicia neuquina<\/strong>\u00a0del delito de contrabando de estupefacientes en la modalidad \u201cmula\u201d por el que estuvo detenida dos a\u00f1os y medio en Ezeiza.<\/p>\n<p><strong>El 1\u00b0 de febrero de 2019 N.C. fue imputada del delito de contrabando de exportaci\u00f3n agravado -por tratarse de estupefacientes- en grado de tentativa<\/strong>, tras haber intentado pasar 2,72 kilogramos de coca\u00edna hacia Chile por el Paso Internacional Cardenal Antonio Samor\u00e9, explicaron desde la Defensor\u00eda General de la Naci\u00f3n a trav\u00e9s de un comunicado.<\/p>\n<p><strong>Dos a\u00f1os y medio despu\u00e9s, la mujer result\u00f3 absuelta en el marco de un juicio abreviado ante el Tribunal Oral en lo Criminal Federal de Neuqu\u00e9n<\/strong>, que en su conformaci\u00f3n unipersonal a cargo de Orlando Coscia resolvi\u00f3 homologar un acuerdo entre los representantes del Ministerio P\u00fablico de la Defensa y del Ministerio P\u00fablico Fiscal.<\/p>\n<p><strong>El fallo es el resultado de \u201cun arduo trabajo del defensor p\u00fablico oficial ante el Tribunal Oral en lo Criminal Federal de Neuqu\u00e9n, Nicol\u00e1s Garc\u00eda\u201d<\/strong>, quien junto a su equipo logr\u00f3 reunir \u201clas pruebas necesarias para acreditar que N.C. es una mujer que pertenece a un sector socialmente desfavorecido de la provincia de Salta, que se encontraba en una situaci\u00f3n \u2018desesperante\u2019 y de extrema necesidad ante la imposibilidad econ\u00f3mica de hacer frente a una cirug\u00eda de alto riesgo que necesitaba su hijo y la presi\u00f3n que reca\u00eda sobre ella por ser el principal sost\u00e9n econ\u00f3mico y emocional de su familia\u201d.<\/p>\n<p>En base a los elementos probatorios aportados por la defensa, se acord\u00f3 con el fiscal que intervino en la causa retirar la acusaci\u00f3n contra la mujer, ya que<strong>\u00a0se encuentra en \u201cun estado de necesidad justificante en base a la situaci\u00f3n de vulnerabilidad que atravesaba y la necesidad de brindar una soluci\u00f3n urgente y apremiante al problema de salud que padece su hijo R.D.T.\u201d, quien sufri\u00f3 un accidente en 2008 que lo imposibilita de trabajar<\/strong>.<\/p>\n<p>\u201cDado que terceras personas han abusado de la situaci\u00f3n de extrema vulnerabilidad de N.C., utiliz\u00e1ndola como \u2018mula\u2019 para transportar material estupefaciente, el fallo busca no reproducir, mediante la criminalizaci\u00f3n de una mujer en graves condiciones de vulnerabilidad, la opresi\u00f3n a la que ya viene sometida previamente\u201d, dijeron.<\/p>\n<p><strong>El fallo tambi\u00e9n orden\u00f3 la inmediata libertad de N.C. quien se encontraba detenida en las celdas ubicadas en el subsuelo del Aeropuerto Internacional Ezeiza.<\/strong><\/p>\n<p>Desde la Defensor\u00eda, recalcaron que si no se abordan con perspectiva de g\u00e9nero, \u201clas pol\u00edticas de corte prohibicionista\u201d propias de la denominada guerra contra las drogas, \u201cafectan significativamente a las mujeres por el s\u00f3lo hecho de serlo\u201d.<\/p>\n<p>&nbsp;<\/p>\n<p>&nbsp;<\/p>\n","protected":false},"excerpt":{"rendered":"<p>&nbsp; En un fallo con perspectiva de g\u00e9nero, la Justicia neuquina la absolvi\u00f3 del delito de contrabando de estupefacientes en<\/p>\n","protected":false},"author":1,"featured_media":58090,"comment_status":"closed","ping_status":"closed","sticky":false,"template":"","format":"standard","meta":{"kia_subtitle":"","footnotes":"","jetpack_publicize_message":"","jetpack_publicize_feature_enabled":true,"jetpack_social_post_already_shared":true,"jetpack_social_options":{"image_generator_settings":{"template":"highway","default_image_id":0,"font":"","enabled":false},"version":2}},"categories":[8],"tags":[],"class_list":["post-58089","post","type-post","status-publish","format-standard","has-post-thumbnail","hentry","category-policiales"],"jetpack_publicize_connections":[],"jetpack_featured_media_url":"https:\/\/laurbedigital.com.ar\/noticias\/wp-content\/uploads\/2021\/07\/20210723-judiciales.jpg","_links":{"self":[{"href":"https:\/\/laurbedigital.com.ar\/noticias\/wp-json\/wp\/v2\/posts\/58089","targetHints":{"allow":["GET"]}}],"collection":[{"href":"https:\/\/laurbedigital.com.ar\/noticias\/wp-json\/wp\/v2\/posts"}],"about":[{"href":"https:\/\/laurbedigital.com.ar\/noticias\/wp-json\/wp\/v2\/types\/post"}],"author":[{"embeddable":true,"href":"https:\/\/laurbedigital.com.ar\/noticias\/wp-json\/wp\/v2\/users\/1"}],"replies":[{"embeddable":true,"href":"https:\/\/laurbedigital.com.ar\/noticias\/wp-json\/wp\/v2\/comments?post=58089"}],"version-history":[{"count":2,"href":"https:\/\/laurbedigital.com.ar\/noticias\/wp-json\/wp\/v2\/posts\/58089\/revisions"}],"predecessor-version":[{"id":58092,"href":"https:\/\/laurbedigital.com.ar\/noticias\/wp-json\/wp\/v2\/posts\/58089\/revisions\/58092"}],"wp:featuredmedia":[{"embeddable":true,"href":"https:\/\/laurbedigital.com.ar\/noticias\/wp-json\/wp\/v2\/media\/58090"}],"wp:attachment":[{"href":"https:\/\/laurbedigital.com.ar\/noticias\/wp-json\/wp\/v2\/media?parent=58089"}],"wp:term":[{"taxonomy":"category","embeddable":true,"href":"https:\/\/laurbedigital.com.ar\/noticias\/wp-json\/wp\/v2\/categories?post=58089"},{"taxonomy":"post_tag","embeddable":true,"href":"https:\/\/laurbedigital.com.ar\/noticias\/wp-json\/wp\/v2\/tags?post=58089"}],"curies":[{"name":"wp","href":"https:\/\/api.w.org\/{rel}","templated":true}]}}