{"id":57345,"date":"2021-07-12T13:53:15","date_gmt":"2021-07-12T16:53:15","guid":{"rendered":"https:\/\/laurbedigital.com.ar\/noticias\/?p=57345"},"modified":"2021-07-12T13:53:15","modified_gmt":"2021-07-12T16:53:15","slug":"mena-hace-falta-un-ejercito-para-disparar-70-000-cartuchos","status":"publish","type":"post","link":"https:\/\/laurbedigital.com.ar\/noticias\/2021\/07\/12\/mena-hace-falta-un-ejercito-para-disparar-70-000-cartuchos\/","title":{"rendered":"Mena: \u00abHace falta un ej\u00e9rcito para disparar 70.000 cartuchos\u00bb"},"content":{"rendered":"<p>&nbsp;<\/p>\n<h5>El vicecanciller sostuvo que hacer el traslado de las municiones \u00abinvolucr\u00f3\u00a0a gran parte del gabinete de Mauricio Macri\u00bb y que, adem\u00e1s del expresidente est\u00e1n involucrados en el \u00abcontrabando\u00bb\u00a0la exministra de Seguridad, Patricia Bullrich, Gendarmer\u00eda Nacional y la Aduana.<\/h5>\n<p>El viceministro de Justicia,\u00a0<strong>Juan Mart\u00edn Mena, afirm\u00f3 que es <em>\u00abimposible\u00bb<\/em> que 10 agentes de seguridad empleen 70 mil cartuchos<\/strong>, lo que<em> \u00abconfirma\u00bb<\/em> la <em>\u00abmaniobra\u00bb<\/em> del expresidente Mauricio Macri de enviar material b\u00e9lico a Bolivia para apoyar el golpe de Estado contra Evo Morales en 2019.<\/p>\n<p><em>\u00abEs imposible que 10 agentes empleen 70 mil cartuchos de escopeta y 670 granadas. Hace falta un ej\u00e9rcito para disparar 70 mil cartuchos\u00bb,<\/em> sostuvo Mena esta ma\u00f1ana en di\u00e1logo con El Destape Radio.<\/p>\n<p>A su vez, detall\u00f3 que la Gendarmer\u00eda en junio del 2020 <em>\u00abdio de baja de los registros los 70 mil cartuchos alegando que hab\u00edan sido usados para un entrenamiento\u00bb,<\/em>\u00a0<strong>lo que <em>\u00abconfirma el encubrimiento de la maniobra\u00bb<\/em><\/strong><em>.<\/em><\/p>\n<p>El viceministro explic\u00f3 que\u00a0<strong>el 11 de noviembre de 2019 se autoriz\u00f3 a 10 efectivos de la Gendarmer\u00eda Nacional a custodiar la embajada<\/strong>\u00a0<em>\u00aby\u00a0<strong>sorpresivamente figura en los registros un agregado del material de 70 mil cartuchos el 12 de noviembre<\/strong>, que es imposible que sea usada por los 10 efectivos del Grupo Alacr\u00e1n\u00bb.<\/em><\/p>\n<p><em>\u00abEst\u00e1 probado por los documentos oficiales\u00bb,<\/em> dijo Mena, y agreg\u00f3: <em>\u00abEllos\u00a0<strong>falsearon una salida de material de seguridad<\/strong>, bajo el pretexto de que se iba a custodiar la embajada argentina en Bolivia\u00bb.<\/em><\/p>\n<p>El funcionario sostuvo que\u00a0<em><strong>\u00abhacer un traslado del material al extranjero y contrabandearlo involucr\u00f3 a gran parte del gabinete de Mauricio Macri\u00bb<\/strong> <\/em>y que adem\u00e1s del expresidente est\u00e1n implicados <em>\u00abla ministra de Seguridad (Patricia Bullrich), la Gendarmer\u00eda Nacional y la Aduana\u00bb.<\/em><\/p>\n<p>A su vez, aclar\u00f3 que el contrabando de municiones y explosivos \u00abes un tipo penal espec\u00edfico dentro del c\u00f3digo penal aduanero\u00bb y que \u00abtiene una pena de 4 a 12 a\u00f1os de prisi\u00f3n\u00bb.<\/p>\n<p><em>\u00abEn los \u00faltimos meses\u00a0<strong>venimos pidiendo que se investigue la cantidad de delitos que cometi\u00f3 Mauricio Macri y su equipo de gobierno<\/strong>\u00a0durante los \u00faltimos cuatro a\u00f1os en nuestro pa\u00eds, y\u00a0<strong>creo que nunca imagin\u00e1bamos que iban a completar todo el cat\u00e1logo penal<\/strong>\u00ab,<\/em> sigui\u00f3 Mena.<\/p>\n<p>Finalmente, dijo que\u00a0<strong>\u00ablo que se conoci\u00f3 en las \u00faltimas horas es de una gravedad sin precedentes\u00bb<\/strong>, pero que no est\u00e1 <em>\u00absorprendido\u00bb<\/em> debido a la <em>\u00abafinidad ideol\u00f3gica del anterior gobierno de nuestro pa\u00eds\u00bb.<\/em><\/p>\n","protected":false},"excerpt":{"rendered":"<p>&nbsp; El vicecanciller sostuvo que hacer el traslado de las municiones \u00abinvolucr\u00f3\u00a0a gran parte del gabinete de Mauricio Macri\u00bb y<\/p>\n","protected":false},"author":1,"featured_media":57346,"comment_status":"closed","ping_status":"closed","sticky":false,"template":"","format":"standard","meta":{"kia_subtitle":"","footnotes":"","jetpack_publicize_message":"","jetpack_publicize_feature_enabled":true,"jetpack_social_post_already_shared":true,"jetpack_social_options":{"image_generator_settings":{"template":"highway","default_image_id":0,"font":"","enabled":false},"version":2}},"categories":[3],"tags":[],"class_list":["post-57345","post","type-post","status-publish","format-standard","has-post-thumbnail","hentry","category-actualidad"],"jetpack_publicize_connections":[],"jetpack_featured_media_url":"https:\/\/laurbedigital.com.ar\/noticias\/wp-content\/uploads\/2021\/07\/20210712-GOLPE-BOLIVIA.jpg","_links":{"self":[{"href":"https:\/\/laurbedigital.com.ar\/noticias\/wp-json\/wp\/v2\/posts\/57345","targetHints":{"allow":["GET"]}}],"collection":[{"href":"https:\/\/laurbedigital.com.ar\/noticias\/wp-json\/wp\/v2\/posts"}],"about":[{"href":"https:\/\/laurbedigital.com.ar\/noticias\/wp-json\/wp\/v2\/types\/post"}],"author":[{"embeddable":true,"href":"https:\/\/laurbedigital.com.ar\/noticias\/wp-json\/wp\/v2\/users\/1"}],"replies":[{"embeddable":true,"href":"https:\/\/laurbedigital.com.ar\/noticias\/wp-json\/wp\/v2\/comments?post=57345"}],"version-history":[{"count":2,"href":"https:\/\/laurbedigital.com.ar\/noticias\/wp-json\/wp\/v2\/posts\/57345\/revisions"}],"predecessor-version":[{"id":57348,"href":"https:\/\/laurbedigital.com.ar\/noticias\/wp-json\/wp\/v2\/posts\/57345\/revisions\/57348"}],"wp:featuredmedia":[{"embeddable":true,"href":"https:\/\/laurbedigital.com.ar\/noticias\/wp-json\/wp\/v2\/media\/57346"}],"wp:attachment":[{"href":"https:\/\/laurbedigital.com.ar\/noticias\/wp-json\/wp\/v2\/media?parent=57345"}],"wp:term":[{"taxonomy":"category","embeddable":true,"href":"https:\/\/laurbedigital.com.ar\/noticias\/wp-json\/wp\/v2\/categories?post=57345"},{"taxonomy":"post_tag","embeddable":true,"href":"https:\/\/laurbedigital.com.ar\/noticias\/wp-json\/wp\/v2\/tags?post=57345"}],"curies":[{"name":"wp","href":"https:\/\/api.w.org\/{rel}","templated":true}]}}