{"id":57341,"date":"2021-07-12T13:39:43","date_gmt":"2021-07-12T16:39:43","guid":{"rendered":"https:\/\/laurbedigital.com.ar\/noticias\/?p=57341"},"modified":"2021-07-12T13:39:43","modified_gmt":"2021-07-12T16:39:43","slug":"aseguran-que-moderna-tiene-eficacia-muy-alta-en-chicos-de-12-a-17-anos","status":"publish","type":"post","link":"https:\/\/laurbedigital.com.ar\/noticias\/2021\/07\/12\/aseguran-que-moderna-tiene-eficacia-muy-alta-en-chicos-de-12-a-17-anos\/","title":{"rendered":"Aseguran que Moderna tiene \u00abeficacia muy alta en chicos de 12 a 17 a\u00f1os\u00bb"},"content":{"rendered":"<p>&nbsp;<\/p>\n<h5>Desde el Centro de Educaci\u00f3n M\u00e9dica e Investigaciones Cl\u00ednicas (Cemic) indicaron que los datos preliminares reportan que la vacuna de Moderna \u00abtiene una efectividad del 100%\u00bb en adolescentes.<\/h5>\n<p><strong>El infect\u00f3logo Pablo Bonvehi, del Centro de Educaci\u00f3n M\u00e9dica e Investigaciones Cl\u00ednicas \u201cDr. Norberto Quirno\u201d (Cemic), afirm\u00f3 este lunes que la vacuna de Moderna<\/strong>, laboratorio con el que el Gobierno nacional firm\u00f3 este domingo un acuerdo para obtener 20 millones de vacunas<strong>,<\/strong>\u00a0<strong>tiene una efectividad del 100% en adolescentes de entre 12 y 17 a\u00f1os.<\/strong><\/p>\n<p><em><strong>\u00abEn adolescentes de 12 a 17 a\u00f1os (Moderna) tiene una eficacia muy alta, del ciento por ciento,<\/strong>\u00a0con lo cual es interesante para administrar en los adolescentes de nuestro pa\u00eds, sobre todo aquellos que tengan factores de riesgo para complicaciones contra el Covid\u00bb,<\/em> dijo el jefe de Infectolog\u00eda del Cemic a FM Estudio 2.<\/p>\n<p>No obstante,\u00a0<strong>el especialista aclar\u00f3 que se trata de \u00abdatos preliminares, los estudios no est\u00e1n terminados todav\u00eda\u00bb.<\/p>\n<p><img loading=\"lazy\" decoding=\"async\" class=\"alignnone size-full wp-image-57105\" src=\"https:\/\/laurbedigital.com.ar\/noticias\/wp-content\/uploads\/2021\/07\/20210709-Vacuna-Moderna.jpg\" alt=\"\" width=\"800\" height=\"446\" title=\"\" srcset=\"https:\/\/laurbedigital.com.ar\/noticias\/wp-content\/uploads\/2021\/07\/20210709-Vacuna-Moderna.jpg 800w, https:\/\/laurbedigital.com.ar\/noticias\/wp-content\/uploads\/2021\/07\/20210709-Vacuna-Moderna-300x167.jpg 300w, https:\/\/laurbedigital.com.ar\/noticias\/wp-content\/uploads\/2021\/07\/20210709-Vacuna-Moderna-768x428.jpg 768w\" sizes=\"auto, (max-width: 800px) 100vw, 800px\" \/><br \/>\n<\/strong><\/p>\n<p>Adem\u00e1s, agreg\u00f3 que\u00a0<em><strong>\u00abes una vacuna que ha demostrado en estudios de adultos una eficacia del 94,1% para formas no complicadas de Covid y una m\u00e1s alta todav\u00eda para formas graves\u00bb.<\/strong><\/em><\/p>\n<p>Por otra parte, el infect\u00f3logo consider\u00f3 que <em>\u00absi comienza a circular la variante Delta, podr\u00eda pasar lo mismo que con la variante Manaos\u00bb.<\/em><\/p>\n<p><em>\u00abLo que se ve al tener esas mutaciones son habilidades que encuentra el virus para transmitirse m\u00e1s f\u00e1cilmente. La variante Delta tiene una mayor habilidad de transmisi\u00f3n\u00bb,<\/em> agreg\u00f3.<\/p>\n<p>En cuanto a las formas de prevenir su diseminaci\u00f3n, Bonvehi resalt\u00f3 la importancia de mantener \u00ablas medidas de distanciamiento social\u00bb y de continuar con<em>\u00a0<strong>\u00abla vacunaci\u00f3n, porque cuantas m\u00e1s personas uno tiene vacunadas en la poblaci\u00f3n, es menor la posibilidad que tiene el virus de transmitirse\u00bb.<\/strong><\/em><\/p>\n<p><em>\u00abLo otro es retrasar al m\u00e1ximo a trav\u00e9s de controles la (llegada de) gente que puede del exterior que pueda portar la cepa para evitar que se disemine\u00bb,<\/em> continu\u00f3.<\/p>\n<p>&nbsp;<\/p>\n<p>&nbsp;<\/p>\n","protected":false},"excerpt":{"rendered":"<p>&nbsp; Desde el Centro de Educaci\u00f3n M\u00e9dica e Investigaciones Cl\u00ednicas (Cemic) indicaron que los datos preliminares reportan que la vacuna<\/p>\n","protected":false},"author":1,"featured_media":57342,"comment_status":"closed","ping_status":"closed","sticky":false,"template":"","format":"standard","meta":{"kia_subtitle":"","footnotes":"","jetpack_publicize_message":"","jetpack_publicize_feature_enabled":true,"jetpack_social_post_already_shared":true,"jetpack_social_options":{"image_generator_settings":{"template":"highway","default_image_id":0,"font":"","enabled":false},"version":2}},"categories":[15,70],"tags":[],"class_list":["post-57341","post","type-post","status-publish","format-standard","has-post-thumbnail","hentry","category-tendencias","category-salud"],"jetpack_publicize_connections":[],"jetpack_featured_media_url":"https:\/\/laurbedigital.com.ar\/noticias\/wp-content\/uploads\/2021\/07\/20210712-adolescente-barbijo.jpg","_links":{"self":[{"href":"https:\/\/laurbedigital.com.ar\/noticias\/wp-json\/wp\/v2\/posts\/57341","targetHints":{"allow":["GET"]}}],"collection":[{"href":"https:\/\/laurbedigital.com.ar\/noticias\/wp-json\/wp\/v2\/posts"}],"about":[{"href":"https:\/\/laurbedigital.com.ar\/noticias\/wp-json\/wp\/v2\/types\/post"}],"author":[{"embeddable":true,"href":"https:\/\/laurbedigital.com.ar\/noticias\/wp-json\/wp\/v2\/users\/1"}],"replies":[{"embeddable":true,"href":"https:\/\/laurbedigital.com.ar\/noticias\/wp-json\/wp\/v2\/comments?post=57341"}],"version-history":[{"count":2,"href":"https:\/\/laurbedigital.com.ar\/noticias\/wp-json\/wp\/v2\/posts\/57341\/revisions"}],"predecessor-version":[{"id":57344,"href":"https:\/\/laurbedigital.com.ar\/noticias\/wp-json\/wp\/v2\/posts\/57341\/revisions\/57344"}],"wp:featuredmedia":[{"embeddable":true,"href":"https:\/\/laurbedigital.com.ar\/noticias\/wp-json\/wp\/v2\/media\/57342"}],"wp:attachment":[{"href":"https:\/\/laurbedigital.com.ar\/noticias\/wp-json\/wp\/v2\/media?parent=57341"}],"wp:term":[{"taxonomy":"category","embeddable":true,"href":"https:\/\/laurbedigital.com.ar\/noticias\/wp-json\/wp\/v2\/categories?post=57341"},{"taxonomy":"post_tag","embeddable":true,"href":"https:\/\/laurbedigital.com.ar\/noticias\/wp-json\/wp\/v2\/tags?post=57341"}],"curies":[{"name":"wp","href":"https:\/\/api.w.org\/{rel}","templated":true}]}}