{"id":57337,"date":"2021-07-12T13:30:04","date_gmt":"2021-07-12T16:30:04","guid":{"rendered":"https:\/\/laurbedigital.com.ar\/noticias\/?p=57337"},"modified":"2021-07-12T13:30:04","modified_gmt":"2021-07-12T16:30:04","slug":"la-amia-realizara-un-acto-por-el-aniversario-del-atentado-y-otras-actividades","status":"publish","type":"post","link":"https:\/\/laurbedigital.com.ar\/noticias\/2021\/07\/12\/la-amia-realizara-un-acto-por-el-aniversario-del-atentado-y-otras-actividades\/","title":{"rendered":"La AMIA realizar\u00e1 un acto por el aniversario del atentado y otras actividades"},"content":{"rendered":"<p>&nbsp;<\/p>\n<header>\n<h5 class=\"detalle\">El acto central ser\u00e1 el viernes 16 de julio al cumplirse 27 a\u00f1os del ataque terrorista realizado el 18 de julio de 1994, que provoc\u00f3 la muerte de 85 personas y m\u00e1s de 300 heridos.<\/h5>\n<div>\n<p><strong>La Asociaci\u00f3n Mutual Israelita Argentina (AMIA) realizar\u00e1 el pr\u00f3ximo viernes 16 de julio el acto central por el 27\u00ba aniversario del ataque terrorista perpetrado el 18 de julio de 1994, que provoc\u00f3 la muerte de 85 personas y m\u00e1s de 300 heridos<\/strong>, y la actividad este a\u00f1o se har\u00e1 nuevamente de forma virtual bajo el lema \u00abConectados contra la impunidad\u00bb.<\/p>\n<p>El acto, que se sumar\u00e1 a una serie de actividades que la mutual lleva adelante en redes sociales desde la semana pasada, se realizar\u00e1 dos d\u00edas antes de la fecha en que se produjo la explosi\u00f3n para facilitar una mayor participaci\u00f3n, al tratarse de un d\u00eda h\u00e1bil.<\/p>\n<p><strong>El evento, que comenzar\u00e1 a las 9.53 del viernes, hora exacta en que un coche bomba explot\u00f3 contra la sede de Pasteur 63 de la Ciudad de Buenos Aires, es convocado por la AMIA,<\/strong>\u00a0la Delegaci\u00f3n de Asociaciones Israelitas Argentinas (DAIA) y Familiares de las V\u00edctimas.<\/p>\n<p><strong>Las organizaciones invitaron a participar del evento a trav\u00e9s de la consigna <em>\u00abDesde donde est\u00e9s, dec\u00ed presente. Sigamos haciendo memoria y exigiendo justicia\u00bb,<\/em><\/strong><em>\u00a0<\/em>que podr\u00e1 ser seguido desde las redes de la mutual AMIA online en el canal de YouTube y en la p\u00e1gina de Facebook.<\/p>\n<p>El titular de AMIA, Ariel Eichbaum, quien ser\u00e1 orador en el acto en el que se nombrar\u00e1 a las v\u00edctimas mortales, convoc\u00f3 \u00aba que nos acompa\u00f1en el viernes 16, para renovar juntos el reclamo de justicia y castigo a los culpables\u00bb, y advirti\u00f3 que \u00abcomo sociedad, no podemos aceptar convivir con la impunidad\u00bb.<\/p>\n<p><em><strong>\u00abA 27 a\u00f1os del atentado, genera estupor el hecho de que el doloroso saldo de destrucci\u00f3n y muerte causado por el accionar terrorista no encontr\u00f3 a\u00fan sanci\u00f3n alguna\u00bb,\u00a0<\/strong><\/em>expres\u00f3 Eichbaum y manifest\u00f3 que \u00abla falta de justicia es una asignatura pendiente de nuestra democracia que acrecienta el dolor y no permite aliviar una herida que se profundiza a medida que transcurre el tiempo\u00bb.<\/p>\n<p>La mutual inform\u00f3 que quienes quieran acompa\u00f1ar el reclamo de memoria y justicia en el acto podr\u00e1n participar de la recreaci\u00f3n digital del momento en que se mencionan los nombres de las 85 v\u00edctimas, a trav\u00e9s del uso de un filtro fotogr\u00e1fico disponible en el sitio<a href=\"http:\/\/www.amiamemoria.org\/serparte\" target=\"_blank\" rel=\"noopener\">\u00a0www.amiamemoria.org\/serparte<\/a>, donde una gu\u00eda explica c\u00f3mo tomarse una foto y sumarse de modo virtual al homenaje.<\/p>\n<p>En redes sociales, en tanto, la mutual difundi\u00f3 videos con testimonios de familiares de las v\u00edctimas, con el lema<em>\u00a0<\/em><strong><em>\u00abVivir\u00e1n tanto como nosotros, porque los recordamos\u00bb,<\/em>\u00a0<\/strong>y otro realizado por el grupo de percusi\u00f3n <em>\u00abLa Bomba de Tiempo\u00bb<\/em> y el rapero XXL Irione, con el que busca llegar con su mensaje a las generaciones que no tienen memoria vivencial del atentado.<\/p>\n<p>En el marco del 27\u00ba aniversario del ataque a la sede de la AMIA, se realizar\u00e1 el pr\u00f3ximo jueves 15 de julio el Foro de Parlamentarios contra el Terrorismo, organizado por el Congreso Jud\u00edo Latinoamericano (CJL) y la presidencia de la C\u00e1mara de Diputados, que se realizar\u00e1 por videoconferencia y funcionar\u00e1 como marco para generar y fortalecer pol\u00edticas que enfrenten el flagelo del terrorismo internacional.<\/p>\n<\/div>\n<p>&nbsp;<\/p>\n<\/header>\n","protected":false},"excerpt":{"rendered":"<p>&nbsp; El acto central ser\u00e1 el viernes 16 de julio al cumplirse 27 a\u00f1os del ataque terrorista realizado el 18<\/p>\n","protected":false},"author":1,"featured_media":57338,"comment_status":"closed","ping_status":"closed","sticky":false,"template":"","format":"standard","meta":{"kia_subtitle":"","footnotes":"","jetpack_publicize_message":"","jetpack_publicize_feature_enabled":true,"jetpack_social_post_already_shared":true,"jetpack_social_options":{"image_generator_settings":{"template":"highway","default_image_id":0,"font":"","enabled":false},"version":2}},"categories":[3],"tags":[],"class_list":["post-57337","post","type-post","status-publish","format-standard","has-post-thumbnail","hentry","category-actualidad"],"jetpack_publicize_connections":[],"jetpack_featured_media_url":"https:\/\/laurbedigital.com.ar\/noticias\/wp-content\/uploads\/2021\/07\/20210712-AMIA.jpg","_links":{"self":[{"href":"https:\/\/laurbedigital.com.ar\/noticias\/wp-json\/wp\/v2\/posts\/57337","targetHints":{"allow":["GET"]}}],"collection":[{"href":"https:\/\/laurbedigital.com.ar\/noticias\/wp-json\/wp\/v2\/posts"}],"about":[{"href":"https:\/\/laurbedigital.com.ar\/noticias\/wp-json\/wp\/v2\/types\/post"}],"author":[{"embeddable":true,"href":"https:\/\/laurbedigital.com.ar\/noticias\/wp-json\/wp\/v2\/users\/1"}],"replies":[{"embeddable":true,"href":"https:\/\/laurbedigital.com.ar\/noticias\/wp-json\/wp\/v2\/comments?post=57337"}],"version-history":[{"count":2,"href":"https:\/\/laurbedigital.com.ar\/noticias\/wp-json\/wp\/v2\/posts\/57337\/revisions"}],"predecessor-version":[{"id":57340,"href":"https:\/\/laurbedigital.com.ar\/noticias\/wp-json\/wp\/v2\/posts\/57337\/revisions\/57340"}],"wp:featuredmedia":[{"embeddable":true,"href":"https:\/\/laurbedigital.com.ar\/noticias\/wp-json\/wp\/v2\/media\/57338"}],"wp:attachment":[{"href":"https:\/\/laurbedigital.com.ar\/noticias\/wp-json\/wp\/v2\/media?parent=57337"}],"wp:term":[{"taxonomy":"category","embeddable":true,"href":"https:\/\/laurbedigital.com.ar\/noticias\/wp-json\/wp\/v2\/categories?post=57337"},{"taxonomy":"post_tag","embeddable":true,"href":"https:\/\/laurbedigital.com.ar\/noticias\/wp-json\/wp\/v2\/tags?post=57337"}],"curies":[{"name":"wp","href":"https:\/\/api.w.org\/{rel}","templated":true}]}}