{"id":56588,"date":"2021-07-01T10:32:47","date_gmt":"2021-07-01T13:32:47","guid":{"rendered":"https:\/\/laurbedigital.com.ar\/noticias\/?p=56588"},"modified":"2021-07-01T10:32:47","modified_gmt":"2021-07-01T13:32:47","slug":"en-la-provincia-de-buenos-aires-suben-los-casos-pero-es-baja-la-ocupacion-de-camas","status":"publish","type":"post","link":"https:\/\/laurbedigital.com.ar\/noticias\/2021\/07\/01\/en-la-provincia-de-buenos-aires-suben-los-casos-pero-es-baja-la-ocupacion-de-camas\/","title":{"rendered":"En la provincia de Buenos Aires suben los casos pero es baja la ocupaci\u00f3n de camas"},"content":{"rendered":"<p>&nbsp;<\/p>\n<h5>As\u00ed lo asegur\u00f3 el director de Hospitales bonaerenses, Juan Riera, pero advirti\u00f3 que \u00absi siguen subiendo los casos, es un escenario posible que vuelva a subir la ocupaci\u00f3n de camas de terapia intensiva\u00bb.<\/h5>\n<p>El director de Hospitales de la provincia de Buenos Aires, Juan Riera, afirm\u00f3 este jueves que si bien hay un aumento de los casos de coronavirus en territorio bonaerense, ello ocurre <em>\u00aben un contexto de baja de la ocupaci\u00f3n de las camas de terapia intensiva\u00bb.<\/em><\/p>\n<p>No obstante, en declaraciones a El Destape Radio, el funcionario<strong>\u00a0advirti\u00f3 que, <em>\u00absi siguen subiendo los casos, es un escenario posible que vuelva a subir la ocupaci\u00f3n de camas de terapia intensiva\u00bb.<\/em><\/strong><\/p>\n<p>Los contagiados de Covid-19 desde el comienzo de la pandemia alcanzaron en la provincia de Buenos Aires 1.835.719 y, de acuerdo con informaci\u00f3n oficial, la ocupaci\u00f3n de camas en el \u00c1rea Metropolitana de Buenos Aires (AMBA) es del 66,3% y en el interior de la provincia de 52,7%.<\/p>\n<blockquote class=\"twitter-tweet\">\n<p dir=\"ltr\" lang=\"es\">Informe diario de la situaci\u00f3n del <a href=\"https:\/\/twitter.com\/hashtag\/Coronavirus?src=hash&amp;ref_src=twsrc%5Etfw\" target=\"_blank\" rel=\"noopener\">#Coronavirus<\/a> en la Provincia al d\u00eda 1 de julio.<\/p>\n<p>M\u00e1s informaci\u00f3n ac\u00e1&#x1f447;<a href=\"https:\/\/t.co\/H2OB7OfLtk\">https:\/\/t.co\/H2OB7OfLtk<\/a> <a href=\"https:\/\/t.co\/ZrKZYqsy8r\">pic.twitter.com\/ZrKZYqsy8r<\/a><\/p>\n<p>\u2014 Gobierno PBA (@BAProvincia) <a href=\"https:\/\/twitter.com\/BAProvincia\/status\/1410555917901381633?ref_src=twsrc%5Etfw\" target=\"_blank\" rel=\"noopener\">July 1, 2021<\/a><\/p><\/blockquote>\n<p><script async src=\"https:\/\/platform.twitter.com\/widgets.js\" charset=\"utf-8\"><\/script><\/p>\n<p>En ese marco,\u00a0<strong>se mostr\u00f3 preocupado por \u00abc\u00f3mo va a evolucionar la curva de casos\u00bb\u00a0<\/strong>y dijo que si bien el aumento de contagios es \u00ableve\u00bb, no se sabe de qu\u00e9 modo continuar\u00e1 la tendencia.<\/p>\n<p>Luego, Riera explic\u00f3 que <em>\u00aben esta segunda ola ya no se ven mayores de 60 con comorbilidades en las terapias\u00bb<\/em> debido a los efectos de la vacunaci\u00f3n masiva y cont\u00f3 que las personas que cuentan con las dos dosis no presentan cuadros graves.<\/p>\n<p><strong><em>\u00abLos cuadros m\u00e1s graves los vemos en personas que a\u00fan no tuvieron vacunaci\u00f3n\u00bb,<\/em>\u00a0<\/strong>indic\u00f3 y sostuvo que \u00abla tasa de letalidad de la primera ola estaba en el 3,5% y ahora en la segunda ola es de 1,6%\u00bb.<\/p>\n<p><em>\u00abVamos a un escenario donde hay que tener mucho cuidado\u00bb,<\/em> a\u00f1adi\u00f3.<\/p>\n<p>En relaci\u00f3n al plan de inmunizaci\u00f3n, dijo que<em> \u00abla vacunaci\u00f3n libre viene funcionando muy bien ya que hab\u00eda un n\u00famero importante de personas que no se hab\u00edan anotado\u00bb.<\/em><\/p>\n<div class=\"btn_externos\">\n<\/div>\n","protected":false},"excerpt":{"rendered":"<p>&nbsp; As\u00ed lo asegur\u00f3 el director de Hospitales bonaerenses, Juan Riera, pero advirti\u00f3 que \u00absi siguen subiendo los casos, es<\/p>\n","protected":false},"author":1,"featured_media":56589,"comment_status":"closed","ping_status":"closed","sticky":false,"template":"","format":"standard","meta":{"kia_subtitle":"","footnotes":"","jetpack_publicize_message":"","jetpack_publicize_feature_enabled":true,"jetpack_social_post_already_shared":true,"jetpack_social_options":{"image_generator_settings":{"template":"highway","default_image_id":0,"font":"","enabled":false},"version":2}},"categories":[3,56],"tags":[],"class_list":["post-56588","post","type-post","status-publish","format-standard","has-post-thumbnail","hentry","category-actualidad","category-buenos-aires"],"jetpack_publicize_connections":[],"jetpack_featured_media_url":"https:\/\/laurbedigital.com.ar\/noticias\/wp-content\/uploads\/2021\/07\/20210630-TERAPIA-UTI.jpg","_links":{"self":[{"href":"https:\/\/laurbedigital.com.ar\/noticias\/wp-json\/wp\/v2\/posts\/56588","targetHints":{"allow":["GET"]}}],"collection":[{"href":"https:\/\/laurbedigital.com.ar\/noticias\/wp-json\/wp\/v2\/posts"}],"about":[{"href":"https:\/\/laurbedigital.com.ar\/noticias\/wp-json\/wp\/v2\/types\/post"}],"author":[{"embeddable":true,"href":"https:\/\/laurbedigital.com.ar\/noticias\/wp-json\/wp\/v2\/users\/1"}],"replies":[{"embeddable":true,"href":"https:\/\/laurbedigital.com.ar\/noticias\/wp-json\/wp\/v2\/comments?post=56588"}],"version-history":[{"count":2,"href":"https:\/\/laurbedigital.com.ar\/noticias\/wp-json\/wp\/v2\/posts\/56588\/revisions"}],"predecessor-version":[{"id":56591,"href":"https:\/\/laurbedigital.com.ar\/noticias\/wp-json\/wp\/v2\/posts\/56588\/revisions\/56591"}],"wp:featuredmedia":[{"embeddable":true,"href":"https:\/\/laurbedigital.com.ar\/noticias\/wp-json\/wp\/v2\/media\/56589"}],"wp:attachment":[{"href":"https:\/\/laurbedigital.com.ar\/noticias\/wp-json\/wp\/v2\/media?parent=56588"}],"wp:term":[{"taxonomy":"category","embeddable":true,"href":"https:\/\/laurbedigital.com.ar\/noticias\/wp-json\/wp\/v2\/categories?post=56588"},{"taxonomy":"post_tag","embeddable":true,"href":"https:\/\/laurbedigital.com.ar\/noticias\/wp-json\/wp\/v2\/tags?post=56588"}],"curies":[{"name":"wp","href":"https:\/\/api.w.org\/{rel}","templated":true}]}}