{"id":5646,"date":"2016-11-23T18:21:12","date_gmt":"2016-11-23T21:21:12","guid":{"rendered":"http:\/\/laurbedigital.com.ar\/noticias\/?p=5646"},"modified":"2016-11-23T18:21:12","modified_gmt":"2016-11-23T21:21:12","slug":"futbol-para-jovenes-con-discapacidad-una-liga-que-no-para-de-crecer","status":"publish","type":"post","link":"https:\/\/laurbedigital.com.ar\/noticias\/2016\/11\/23\/futbol-para-jovenes-con-discapacidad-una-liga-que-no-para-de-crecer\/","title":{"rendered":"F\u00fatbol para j\u00f3venes con discapacidad: una liga que no para de crecer"},"content":{"rendered":"<div id=\"m_3752335491475727679yui_3_16_0_1_1479929523861_66863\" class=\"m_3752335491475727679yiv0216748837MsoNormal\"><span id=\"m_3752335491475727679yui_3_16_0_1_1479929523861_66862\">Se disputaron el pasado fin de semana en el Polideportivo Municipal de Ministro Rivadavia las finales de la Liga de f\u00fatbol para j\u00f3venes con par\u00e1lisis cerebral, una competencia que crece a\u00f1o tras a\u00f1o con la incorporaci\u00f3n de nuevos equipos que se suman a esta propuesta del Municipio de Almirante Brown que busca la integraci\u00f3n social.<\/span><\/div>\n<div id=\"m_3752335491475727679yui_3_16_0_1_1479929523861_66867\" class=\"m_3752335491475727679yiv0216748837MsoNormal\"><\/div>\n<div id=\"m_3752335491475727679yui_3_16_0_1_1479929523861_66867\" class=\"m_3752335491475727679yiv0216748837MsoNormal\"><span id=\"m_3752335491475727679yui_3_16_0_1_1479929523861_66866\">Esta liga conformada desde el inicio por equipos representativos de municipios del Conurbano Sur e instituciones que trabajan por las personas con discapacidad ha incorporado equipos de primera divisi\u00f3n como Boca Jrs., Independiente, Lan\u00fas y Quilmes.<\/span><\/div>\n<div id=\"m_3752335491475727679yui_3_16_0_1_1479929523861_66867\" class=\"m_3752335491475727679yiv0216748837MsoNormal\"><\/div>\n<div id=\"m_3752335491475727679yui_3_16_0_1_1479929523861_67415\" class=\"m_3752335491475727679yiv0216748837MsoNormal\"><span id=\"m_3752335491475727679yui_3_16_0_1_1479929523861_67414\">Los partidos se disputan a los largo de todo el a\u00f1o en distintos escenarios y como todo torneo dedicado a j\u00f3venes con discapacidad parte de un testeo a partir del cual se los \u00a0divide seg\u00fan sus dificultades f\u00edsicas.<\/span><\/div>\n<div class=\"m_3752335491475727679yiv0216748837MsoNormal\"><\/div>\n<div class=\"m_3752335491475727679yiv0216748837MsoNormal\">En esta edici\u00f3n participaron los municipios de Presidente Per\u00f3n, San Vicente, Esteban Echeverr\u00eda, Ca\u00f1uelas junto con instituciones como CEDIMA de La Matanza, el Hogar Canale, y Redondel.<\/div>\n<div id=\"m_3752335491475727679yui_3_16_0_1_1479929523861_67413\" class=\"m_3752335491475727679yiv0216748837MsoNormal\"><span id=\"m_3752335491475727679yui_3_16_0_1_1479929523861_67412\">Promediando la jornada los deportistas recibieron la visita del Intendente Municipal Mariano Cascallares acompa\u00f1ado por el subsecretario del Instituto Municipal del Deporte, Juan Gabriel Alarc\u00f3n y el director \u00a0del \u00e1rea, Jonathan Frisa quienes se acercaron a los j\u00f3venes para apoyar esta iniciativa.<\/span><\/div>\n<div class=\"m_3752335491475727679yiv0216748837MsoNormal\"><\/div>\n<div id=\"m_3752335491475727679yui_3_16_0_1_1479929523861_67030\" class=\"m_3752335491475727679yiv0216748837MsoNormal\"><span id=\"m_3752335491475727679yui_3_16_0_1_1479929523861_67029\">Ya pasado \u00a0del mediod\u00eda las delegaciones deportivas formaron en el campo de juego donde fueron premiados los campeones de este a\u00f1o y todos los jugadores recibieron medallas de participaci\u00f3n.<\/span><\/div>\n<div id=\"m_3752335491475727679yui_3_16_0_1_1479929523861_67028\" class=\"m_3752335491475727679yiv0216748837MsoNormal\"><\/div>\n<div id=\"m_3752335491475727679yui_3_16_0_1_1479929523861_67027\" class=\"m_3752335491475727679yiv0216748837MsoNormal\"><span id=\"m_3752335491475727679yui_3_16_0_1_1479929523861_67026\">Los organizadores recordaron tambi\u00e9n la destacada actuaci\u00f3n del equipo de f\u00fatbol PC \u00a0(par\u00e1lisis cerebral) de Almirante Brown que se consagr\u00f3 medalla de oro en la \u00faltima edici\u00f3n de los Juegos Bonaerenses.<\/span><\/div>\n","protected":false},"excerpt":{"rendered":"<p>Se disputaron el pasado fin de semana en el Polideportivo Municipal de Ministro Rivadavia las finales de la Liga de<\/p>\n","protected":false},"author":1,"featured_media":5647,"comment_status":"closed","ping_status":"closed","sticky":false,"template":"","format":"standard","meta":{"kia_subtitle":"","footnotes":"","jetpack_publicize_message":"","jetpack_publicize_feature_enabled":true,"jetpack_social_post_already_shared":true,"jetpack_social_options":{"image_generator_settings":{"template":"highway","default_image_id":0,"font":"","enabled":false},"version":2}},"categories":[33,2],"tags":[],"class_list":["post-5646","post","type-post","status-publish","format-standard","has-post-thumbnail","hentry","category-alte-brown-alte-brown","category-alte-brown"],"jetpack_publicize_connections":[],"jetpack_featured_media_url":"https:\/\/laurbedigital.com.ar\/noticias\/wp-content\/uploads\/2016\/11\/20161123-brown.jpg","_links":{"self":[{"href":"https:\/\/laurbedigital.com.ar\/noticias\/wp-json\/wp\/v2\/posts\/5646","targetHints":{"allow":["GET"]}}],"collection":[{"href":"https:\/\/laurbedigital.com.ar\/noticias\/wp-json\/wp\/v2\/posts"}],"about":[{"href":"https:\/\/laurbedigital.com.ar\/noticias\/wp-json\/wp\/v2\/types\/post"}],"author":[{"embeddable":true,"href":"https:\/\/laurbedigital.com.ar\/noticias\/wp-json\/wp\/v2\/users\/1"}],"replies":[{"embeddable":true,"href":"https:\/\/laurbedigital.com.ar\/noticias\/wp-json\/wp\/v2\/comments?post=5646"}],"version-history":[{"count":1,"href":"https:\/\/laurbedigital.com.ar\/noticias\/wp-json\/wp\/v2\/posts\/5646\/revisions"}],"predecessor-version":[{"id":5648,"href":"https:\/\/laurbedigital.com.ar\/noticias\/wp-json\/wp\/v2\/posts\/5646\/revisions\/5648"}],"wp:featuredmedia":[{"embeddable":true,"href":"https:\/\/laurbedigital.com.ar\/noticias\/wp-json\/wp\/v2\/media\/5647"}],"wp:attachment":[{"href":"https:\/\/laurbedigital.com.ar\/noticias\/wp-json\/wp\/v2\/media?parent=5646"}],"wp:term":[{"taxonomy":"category","embeddable":true,"href":"https:\/\/laurbedigital.com.ar\/noticias\/wp-json\/wp\/v2\/categories?post=5646"},{"taxonomy":"post_tag","embeddable":true,"href":"https:\/\/laurbedigital.com.ar\/noticias\/wp-json\/wp\/v2\/tags?post=5646"}],"curies":[{"name":"wp","href":"https:\/\/api.w.org\/{rel}","templated":true}]}}