{"id":56362,"date":"2021-06-28T10:22:02","date_gmt":"2021-06-28T13:22:02","guid":{"rendered":"https:\/\/laurbedigital.com.ar\/noticias\/?p=56362"},"modified":"2021-06-28T10:22:02","modified_gmt":"2021-06-28T13:22:02","slug":"el-gobierno-redujo-a-cero-las-retenciones-a-exportaciones-agroindustriales","status":"publish","type":"post","link":"https:\/\/laurbedigital.com.ar\/noticias\/2021\/06\/28\/el-gobierno-redujo-a-cero-las-retenciones-a-exportaciones-agroindustriales\/","title":{"rendered":"El Gobierno redujo a cero las retenciones a exportaciones agroindustriales"},"content":{"rendered":"<p>&nbsp;<\/p>\n<h5>Entre los\u00a0sectores beneficiados\u00a0por la medida se encuentran la producci\u00f3n de abejas, huevos, pimienta y otras especies arom\u00e1ticas, semillas de papa, girasol y arroz, entre otros cultivos; aceites y jugos de varias frutas, caseina y albumina, y man\u00ed.<\/h5>\n<p>El Gobierno redujo a cero los derechos de exportaci\u00f3n para unos 70 productos agroindustriales de exportaci\u00f3n provenientes de las econom\u00edas regionales.<\/p>\n<p>A trav\u00e9s del\u00a0<a href=\"https:\/\/www.boletinoficial.gob.ar\/detalleAviso\/primera\/246103\/20210628?anexos=1\" target=\"_blank\" rel=\"noopener\">decreto 410\/2021<\/a>\u00a0publicado este lunes en el Bolet\u00edn Oficial, se indic\u00f3 que \u201cen cuanto a los bienes agroindustriales, se identific\u00f3, en una primera revisi\u00f3n, la potencialidad de determinadas econom\u00edas regionales en t\u00e9rminos de crecimiento de las inversiones, la producci\u00f3n y las exportaciones con impacto en todas las provincias del pa\u00eds y\u00a0<strong>se fij\u00f3 para tales mercader\u00edas un derecho de exportaci\u00f3n del 0%<\/strong>\u201d.<\/p>\n<p>En ese marco, se precis\u00f3 que <em>\u201cdesde la publicaci\u00f3n de la Ley 27.541 de Solidaridad Social y Reactivaci\u00f3n Productiva en el Marco de la Emergencia P\u00fablica, el Poder Ejecutivo Nacional ha dictado varias normas en las que se procur\u00f3 reducir la al\u00edcuota del derecho, con especial atenci\u00f3n en la generaci\u00f3n de valor agregado en el pa\u00eds\u201d.<\/em><\/p>\n<p>Entre los\u00a0<strong>sectores beneficiados<\/strong>\u00a0por la medida se encuentran la producci\u00f3n de abejas, huevos, pimienta y otras especies arom\u00e1ticas, semillas de papa, girasol y arroz, entre otros cultivos; aceites y jugos de varias frutas, caseina y albumina, y man\u00ed.<\/p>\n<p>&nbsp;<\/p>\n","protected":false},"excerpt":{"rendered":"<p>&nbsp; Entre los\u00a0sectores beneficiados\u00a0por la medida se encuentran la producci\u00f3n de abejas, huevos, pimienta y otras especies arom\u00e1ticas, semillas de<\/p>\n","protected":false},"author":1,"featured_media":56363,"comment_status":"closed","ping_status":"closed","sticky":false,"template":"","format":"standard","meta":{"kia_subtitle":"","footnotes":"","jetpack_publicize_message":"","jetpack_publicize_feature_enabled":true,"jetpack_social_post_already_shared":true,"jetpack_social_options":{"image_generator_settings":{"template":"highway","default_image_id":0,"font":"","enabled":false},"version":2}},"categories":[3,41],"tags":[],"class_list":["post-56362","post","type-post","status-publish","format-standard","has-post-thumbnail","hentry","category-actualidad","category-nacionales"],"jetpack_publicize_connections":[],"jetpack_featured_media_url":"https:\/\/laurbedigital.com.ar\/noticias\/wp-content\/uploads\/2021\/06\/20210628-Aceites.jpg","_links":{"self":[{"href":"https:\/\/laurbedigital.com.ar\/noticias\/wp-json\/wp\/v2\/posts\/56362","targetHints":{"allow":["GET"]}}],"collection":[{"href":"https:\/\/laurbedigital.com.ar\/noticias\/wp-json\/wp\/v2\/posts"}],"about":[{"href":"https:\/\/laurbedigital.com.ar\/noticias\/wp-json\/wp\/v2\/types\/post"}],"author":[{"embeddable":true,"href":"https:\/\/laurbedigital.com.ar\/noticias\/wp-json\/wp\/v2\/users\/1"}],"replies":[{"embeddable":true,"href":"https:\/\/laurbedigital.com.ar\/noticias\/wp-json\/wp\/v2\/comments?post=56362"}],"version-history":[{"count":2,"href":"https:\/\/laurbedigital.com.ar\/noticias\/wp-json\/wp\/v2\/posts\/56362\/revisions"}],"predecessor-version":[{"id":56365,"href":"https:\/\/laurbedigital.com.ar\/noticias\/wp-json\/wp\/v2\/posts\/56362\/revisions\/56365"}],"wp:featuredmedia":[{"embeddable":true,"href":"https:\/\/laurbedigital.com.ar\/noticias\/wp-json\/wp\/v2\/media\/56363"}],"wp:attachment":[{"href":"https:\/\/laurbedigital.com.ar\/noticias\/wp-json\/wp\/v2\/media?parent=56362"}],"wp:term":[{"taxonomy":"category","embeddable":true,"href":"https:\/\/laurbedigital.com.ar\/noticias\/wp-json\/wp\/v2\/categories?post=56362"},{"taxonomy":"post_tag","embeddable":true,"href":"https:\/\/laurbedigital.com.ar\/noticias\/wp-json\/wp\/v2\/tags?post=56362"}],"curies":[{"name":"wp","href":"https:\/\/api.w.org\/{rel}","templated":true}]}}