{"id":56216,"date":"2021-06-25T09:40:03","date_gmt":"2021-06-25T12:40:03","guid":{"rendered":"https:\/\/laurbedigital.com.ar\/noticias\/?p=56216"},"modified":"2021-06-25T09:40:03","modified_gmt":"2021-06-25T12:40:03","slug":"el-gobierno-amplio-el-seguro-de-desempleo-quienes-pueden-acceder","status":"publish","type":"post","link":"https:\/\/laurbedigital.com.ar\/noticias\/2021\/06\/25\/el-gobierno-amplio-el-seguro-de-desempleo-quienes-pueden-acceder\/","title":{"rendered":"El Gobierno ampli\u00f3 el seguro de Desempleo: \u00bfQui\u00e9nes pueden acceder?"},"content":{"rendered":"<p>&nbsp;<\/p>\n<h5>El Ministerio de Trabajo resolvi\u00f3 extender la Prestaci\u00f3n por Desempleo a los trabajadores desvinculados por \u201cmutuo acuerdo\u201d por el cierre total o parcial del establecimiento y\/o otras circunstancias que produjeran \u201cextinciones colectivas de los contratos de trabajo\u201d.<\/h5>\n<p>La Resoluci\u00f3n 346 del Ministerio de Trabajo, publicada este jueves en el Bolet\u00edn Oficial, aclara que para percibir la prestaci\u00f3n hay que cumplir dos requisitos sobre cuatro, que se detallan en esta nota.<\/p>\n<p>El primero es la causa que motiv\u00f3, impuls\u00f3 o determin\u00f3 el convenio o los convenios de rescisi\u00f3n en an\u00e1lisis, fue el cierre de una rama, de un establecimiento, de una planta o de toda la actividad de la empresa empleadora.<\/p>\n<p>El segundo indica que no es posible disponer la continuidad del contrato de trabajo por la parte trabajadora.<\/p>\n<p>En el tercero, los montos acordados en los convenios de rescisi\u00f3n son similares o equivalentes a los que hubieran correspondido frente a una indemnizaci\u00f3n por despido.<\/p>\n<p>Y el cuarto determina que los convenios de rescisi\u00f3n fueron masivos, homog\u00e9neos y contempor\u00e1neos para todo un grupo de trabajadoras\/es.<\/p>\n<p>La prestaci\u00f3n por desempleo la cobraron en marzo (\u00faltimo dato oficial) 138.879 trabajadores en relaci\u00f3n de dependencia registrados que fueron despedidos sin causa. Son 96.160 varones y 42.719 mujeres. En promedio cobraron $ 7.200.\u200b<\/p>\n<p>En junio el monto de la prestaci\u00f3n subi\u00f3 a $ 7.020 la m\u00ednima y $ 11.700 la m\u00e1xima. En julio, pasar\u00e1 a $ 7.200 y $ 12.000, respectivamente. En septiembre, a $ 7.500 y $ 12.500. En noviembre a $ 7.800 y $ 13.000 y en febrero de 2022 a $ 8.100 y $ 13.500.<\/p>\n<p>Los alcanzados por esa prestaci\u00f3n cobran asignaciones familiares y cuentan con la cobertura de la obra social, mientras el per\u00edodo de cobro del beneficio se reconoce como meses de servicios para la jubilaci\u00f3n. glp<\/p>\n<p>&nbsp;<\/p>\n","protected":false},"excerpt":{"rendered":"<p>&nbsp; El Ministerio de Trabajo resolvi\u00f3 extender la Prestaci\u00f3n por Desempleo a los trabajadores desvinculados por \u201cmutuo acuerdo\u201d por el<\/p>\n","protected":false},"author":1,"featured_media":56217,"comment_status":"closed","ping_status":"closed","sticky":false,"template":"","format":"standard","meta":{"kia_subtitle":"","footnotes":"","jetpack_publicize_message":"","jetpack_publicize_feature_enabled":true,"jetpack_social_post_already_shared":true,"jetpack_social_options":{"image_generator_settings":{"template":"highway","default_image_id":0,"font":"","enabled":false},"version":2}},"categories":[3,41],"tags":[],"class_list":["post-56216","post","type-post","status-publish","format-standard","has-post-thumbnail","hentry","category-actualidad","category-nacionales"],"jetpack_publicize_connections":[],"jetpack_featured_media_url":"https:\/\/laurbedigital.com.ar\/noticias\/wp-content\/uploads\/2021\/06\/20210625-Cajero.jpg","_links":{"self":[{"href":"https:\/\/laurbedigital.com.ar\/noticias\/wp-json\/wp\/v2\/posts\/56216","targetHints":{"allow":["GET"]}}],"collection":[{"href":"https:\/\/laurbedigital.com.ar\/noticias\/wp-json\/wp\/v2\/posts"}],"about":[{"href":"https:\/\/laurbedigital.com.ar\/noticias\/wp-json\/wp\/v2\/types\/post"}],"author":[{"embeddable":true,"href":"https:\/\/laurbedigital.com.ar\/noticias\/wp-json\/wp\/v2\/users\/1"}],"replies":[{"embeddable":true,"href":"https:\/\/laurbedigital.com.ar\/noticias\/wp-json\/wp\/v2\/comments?post=56216"}],"version-history":[{"count":2,"href":"https:\/\/laurbedigital.com.ar\/noticias\/wp-json\/wp\/v2\/posts\/56216\/revisions"}],"predecessor-version":[{"id":56219,"href":"https:\/\/laurbedigital.com.ar\/noticias\/wp-json\/wp\/v2\/posts\/56216\/revisions\/56219"}],"wp:featuredmedia":[{"embeddable":true,"href":"https:\/\/laurbedigital.com.ar\/noticias\/wp-json\/wp\/v2\/media\/56217"}],"wp:attachment":[{"href":"https:\/\/laurbedigital.com.ar\/noticias\/wp-json\/wp\/v2\/media?parent=56216"}],"wp:term":[{"taxonomy":"category","embeddable":true,"href":"https:\/\/laurbedigital.com.ar\/noticias\/wp-json\/wp\/v2\/categories?post=56216"},{"taxonomy":"post_tag","embeddable":true,"href":"https:\/\/laurbedigital.com.ar\/noticias\/wp-json\/wp\/v2\/tags?post=56216"}],"curies":[{"name":"wp","href":"https:\/\/api.w.org\/{rel}","templated":true}]}}