{"id":56208,"date":"2021-06-25T09:12:52","date_gmt":"2021-06-25T12:12:52","guid":{"rendered":"https:\/\/laurbedigital.com.ar\/noticias\/?p=56208"},"modified":"2021-06-25T09:12:52","modified_gmt":"2021-06-25T12:12:52","slug":"con-la-mira-puesta-en-los-viajes-al-exterior-el-gobierno-prorroga-las-restricciones","status":"publish","type":"post","link":"https:\/\/laurbedigital.com.ar\/noticias\/2021\/06\/25\/con-la-mira-puesta-en-los-viajes-al-exterior-el-gobierno-prorroga-las-restricciones\/","title":{"rendered":"Con la mira puesta en los viajes al exterior, el Gobierno prorroga las restricciones"},"content":{"rendered":"<p>&nbsp;<\/p>\n<h5>A la espera de que se consolide la baja de contagios, la administraci\u00f3n nacional extender\u00e1 el DNU mientras apunta a la variante Delta.<\/h5>\n<p>El Gobierno prorrogar\u00e1 este viernes el DNU que fija restricciones para mitigar la segunda ola de coronavirus, con la idea de que se consolide la tendencia a la baja de contagios registrada en las \u00faltimas tres semanas, mientras analiza c\u00f3mo podr\u00edan impactar las vacaciones de invierno en la futura situaci\u00f3n epidemiol\u00f3gica y apuesta a sostener los controles migratorios para impedir el ingreso al pa\u00eds de nuevas cepas, como la Delta.<\/p>\n<p>La \u00fanica diferencia con el DNU anterior, seg\u00fan se estima, es que se limitar\u00e1 el cupo de ingreso diario de gente al pa\u00eds que hoy son 2000 personas por d\u00eda, mientras que se reforzar\u00e1n los controles de los viajeros. Lo que se barajaba a \u00faltima hora de la noche en la Casa Rosada era la posibilidad de bajar la frecuencia de vuelos, aunque sin perder conectividad. En el Gobierno crece la preocupaci\u00f3n por el crecimiento de las nuevas cepas de coronavirus en el mundo, especialmente la denominada Delta.<\/p>\n<p>La idea es avanzar con cautela en eventuales nuevas aperturas, a\u00fan con el \u201coptimismo\u201d que impera en las autoridades nacionales por el descenso de casos y de camas de terapia intensiva ocupadas por Covid-19, a partir del avance del plan de vacunaci\u00f3n y de la certeza que \u201cdieron resultado\u201d las medidas adoptadas a tiempo para limitar la circulaci\u00f3n.<\/p>\n<p>El presidente Alberto Fern\u00e1ndez y su Gabinete tienen en an\u00e1lisis las advertencias formuladas semanas atr\u00e1s por el Comit\u00e9 de Expertos sobre el peligro que podr\u00edan representar las dos semanas consecutivas de vacaciones de invierno y su posible correlato en una tercera ola de contagios.<\/p>\n<p>Sin embargo, como el receso escolar se inicia reci\u00e9n el 19 de julio, en principio el decreto, que tendr\u00e1 vigencia durante las pr\u00f3ximas dos o tres semanas, no contempla medidas referidas al turismo, como la reapertura de rutas interjurisdiccionales para las vacaciones de invierno, adelantaron voceros oficiales.<\/p>\n<p>El DNU presidencial ya lleva dos pr\u00f3rrogas desde que, a principios de mayo, ingresara al Congreso la ley de Emergencia Covid: la primera fue el 22 de mayo y la segunda el 11 de junio \u00faltimo. dib<\/p>\n","protected":false},"excerpt":{"rendered":"<p>&nbsp; A la espera de que se consolide la baja de contagios, la administraci\u00f3n nacional extender\u00e1 el DNU mientras apunta<\/p>\n","protected":false},"author":1,"featured_media":56209,"comment_status":"closed","ping_status":"closed","sticky":false,"template":"","format":"standard","meta":{"kia_subtitle":"","footnotes":"","jetpack_publicize_message":"","jetpack_publicize_feature_enabled":true,"jetpack_social_post_already_shared":true,"jetpack_social_options":{"image_generator_settings":{"template":"highway","default_image_id":0,"font":"","enabled":false},"version":2}},"categories":[3,41],"tags":[],"class_list":["post-56208","post","type-post","status-publish","format-standard","has-post-thumbnail","hentry","category-actualidad","category-nacionales"],"jetpack_publicize_connections":[],"jetpack_featured_media_url":"https:\/\/laurbedigital.com.ar\/noticias\/wp-content\/uploads\/2021\/06\/20210625-aviones.jpg","_links":{"self":[{"href":"https:\/\/laurbedigital.com.ar\/noticias\/wp-json\/wp\/v2\/posts\/56208","targetHints":{"allow":["GET"]}}],"collection":[{"href":"https:\/\/laurbedigital.com.ar\/noticias\/wp-json\/wp\/v2\/posts"}],"about":[{"href":"https:\/\/laurbedigital.com.ar\/noticias\/wp-json\/wp\/v2\/types\/post"}],"author":[{"embeddable":true,"href":"https:\/\/laurbedigital.com.ar\/noticias\/wp-json\/wp\/v2\/users\/1"}],"replies":[{"embeddable":true,"href":"https:\/\/laurbedigital.com.ar\/noticias\/wp-json\/wp\/v2\/comments?post=56208"}],"version-history":[{"count":2,"href":"https:\/\/laurbedigital.com.ar\/noticias\/wp-json\/wp\/v2\/posts\/56208\/revisions"}],"predecessor-version":[{"id":56211,"href":"https:\/\/laurbedigital.com.ar\/noticias\/wp-json\/wp\/v2\/posts\/56208\/revisions\/56211"}],"wp:featuredmedia":[{"embeddable":true,"href":"https:\/\/laurbedigital.com.ar\/noticias\/wp-json\/wp\/v2\/media\/56209"}],"wp:attachment":[{"href":"https:\/\/laurbedigital.com.ar\/noticias\/wp-json\/wp\/v2\/media?parent=56208"}],"wp:term":[{"taxonomy":"category","embeddable":true,"href":"https:\/\/laurbedigital.com.ar\/noticias\/wp-json\/wp\/v2\/categories?post=56208"},{"taxonomy":"post_tag","embeddable":true,"href":"https:\/\/laurbedigital.com.ar\/noticias\/wp-json\/wp\/v2\/tags?post=56208"}],"curies":[{"name":"wp","href":"https:\/\/api.w.org\/{rel}","templated":true}]}}