{"id":56178,"date":"2021-06-24T10:35:44","date_gmt":"2021-06-24T13:35:44","guid":{"rendered":"https:\/\/laurbedigital.com.ar\/noticias\/?p=56178"},"modified":"2021-06-24T10:35:44","modified_gmt":"2021-06-24T13:35:44","slug":"impulsan-la-contratacion-de-mujeres-como-choferes-del-transporte-automotor","status":"publish","type":"post","link":"https:\/\/laurbedigital.com.ar\/noticias\/2021\/06\/24\/impulsan-la-contratacion-de-mujeres-como-choferes-del-transporte-automotor\/","title":{"rendered":"Impulsan la contrataci\u00f3n de mujeres como choferes del transporte automotor"},"content":{"rendered":"<p>&nbsp;<\/p>\n<h5>Un programa nacional fomenta incluirlas en esa rama laboral, en la que hist\u00f3ricamente han sido discriminadas. Crean una \u00abRed de Empresas del Transporte Automotor por la Igualdad\u00bb.<\/h5>\n<p>El Ministerio de Trabajo cre\u00f3 oficialmente este jueves<strong>\u00a0un programa para impulsar la contrataci\u00f3n de mujeres como choferes del transporte automotor, con el fin de \u00aberradicar las pr\u00e1cticas discriminatorias\u00bb en esa actividad.<\/strong>\u00a0Se trata del \u00abPrograma para la Promoci\u00f3n e Inclusi\u00f3n de Mujeres en la Actividad del Transporte Automotor\u00bb, que funcionar\u00e1 bajo la \u00f3rbita de la Subsecretar\u00eda de Pol\u00edticas de Inclusi\u00f3n en el Mundo Laboral, de acuerdo con la Resoluci\u00f3n 345\/2021, publicada este jueves en el Bolet\u00edn Oficial.<\/p>\n<p>Seg\u00fan lo dispuesto, esta decisi\u00f3n busca \u00abla promoci\u00f3n de est\u00e1ndares de igualdad de g\u00e9nero y de<strong>\u00a0igualdad real de oportunidades y de trato,\u00a0<\/strong>en el acceso a los puestos de trabajo y al sostenimiento del empleo, en la actividad del transporte automotor\u00bb.<\/p>\n<p>Adem\u00e1s, se cre\u00f3 la \u00abRed de Empresas del Transporte Automotor por la Igualdad\u00bb, en el \u00e1mbito de la Direcci\u00f3n de Promoci\u00f3n e Integraci\u00f3n de la Mujer del Ministerio de Trabajo, para\u00a0<strong>\u00abintercambiar buenas pr\u00e1cticas de inclusi\u00f3n laboral,<\/strong>\u00a0acceder a los beneficios y servicios de asesoramiento brindados por esta cartera Laboral y visibilizar las empresas comprometidas con garantizar la igualdad de g\u00e9nero y la igualdad de oportunidades y de trato en la actividad\u00bb, puntualiz\u00f3 la Resoluci\u00f3n.<\/p>\n<p>El Ministerio dispuso tambi\u00e9n que el costo del financiamiento para la obtenci\u00f3n de la Licencia Nacional de Transporte Interjurisdiccional (LiNTI) o la que en el futuro la reemplace, exigible como habilitante para las mujeres aspirantes a choferes de colectivos, estar\u00e1 a cargo de ese organismo.<\/p>\n<p>A tal efecto, se autoriz\u00f3 a la Secretar\u00eda de Empleo a asumir el financiamiento del costo de las licencias, a cuyo fin podr\u00e1 suscribir el o los convenios que sean necesarios para garantizar esta prestaci\u00f3n.<\/p>\n<p>Trabajo justific\u00f3 esta medida al se\u00f1alar que \u00absurge la imperiosa necesidad de revisar ciertas pr\u00e1cticas que se manifiestan en el acceso al trabajo en la actividad de transporte automotor,\u00a0<strong>contrarias al principio de no discriminaci\u00f3n y de igualdad de trato a las mujeres\u00bb.<\/strong><\/p>\n<p>\u00abLa \u00ednfima contrataci\u00f3n de mujeres para cumplir tareas como chofer de colectivo, da cuenta de procesos de selecci\u00f3n sesgados por estereotipos de g\u00e9nero, que obstaculizan la garant\u00eda de igualdad real de oportunidades y trato en el trabajo\u00bb, enfatiz\u00f3 el Ministerio.<\/p>\n<p>Por \u00faltimo, resalt\u00f3 que \u00abcon el objeto de profundizar las acciones que busquen erradicar las pr\u00e1cticas discriminatorias detectadas en los procesos de selecci\u00f3n de personal para ocupar un puesto de chofer de colectivo, resultar\u00e1 imprescindible potenciar las tareas de fiscalizaci\u00f3n, difusi\u00f3n, sensibilizaci\u00f3n y capacitaci\u00f3n en la materia\u00bb. na<\/p>\n","protected":false},"excerpt":{"rendered":"<p>&nbsp; Un programa nacional fomenta incluirlas en esa rama laboral, en la que hist\u00f3ricamente han sido discriminadas. Crean una \u00abRed<\/p>\n","protected":false},"author":1,"featured_media":56179,"comment_status":"closed","ping_status":"closed","sticky":false,"template":"","format":"standard","meta":{"kia_subtitle":"","footnotes":"","jetpack_publicize_message":"","jetpack_publicize_feature_enabled":true,"jetpack_social_post_already_shared":true,"jetpack_social_options":{"image_generator_settings":{"template":"highway","default_image_id":0,"font":"","enabled":false},"version":2}},"categories":[3,41],"tags":[],"class_list":["post-56178","post","type-post","status-publish","format-standard","has-post-thumbnail","hentry","category-actualidad","category-nacionales"],"jetpack_publicize_connections":[],"jetpack_featured_media_url":"https:\/\/laurbedigital.com.ar\/noticias\/wp-content\/uploads\/2021\/06\/20210624-chofer.jpg","_links":{"self":[{"href":"https:\/\/laurbedigital.com.ar\/noticias\/wp-json\/wp\/v2\/posts\/56178","targetHints":{"allow":["GET"]}}],"collection":[{"href":"https:\/\/laurbedigital.com.ar\/noticias\/wp-json\/wp\/v2\/posts"}],"about":[{"href":"https:\/\/laurbedigital.com.ar\/noticias\/wp-json\/wp\/v2\/types\/post"}],"author":[{"embeddable":true,"href":"https:\/\/laurbedigital.com.ar\/noticias\/wp-json\/wp\/v2\/users\/1"}],"replies":[{"embeddable":true,"href":"https:\/\/laurbedigital.com.ar\/noticias\/wp-json\/wp\/v2\/comments?post=56178"}],"version-history":[{"count":1,"href":"https:\/\/laurbedigital.com.ar\/noticias\/wp-json\/wp\/v2\/posts\/56178\/revisions"}],"predecessor-version":[{"id":56180,"href":"https:\/\/laurbedigital.com.ar\/noticias\/wp-json\/wp\/v2\/posts\/56178\/revisions\/56180"}],"wp:featuredmedia":[{"embeddable":true,"href":"https:\/\/laurbedigital.com.ar\/noticias\/wp-json\/wp\/v2\/media\/56179"}],"wp:attachment":[{"href":"https:\/\/laurbedigital.com.ar\/noticias\/wp-json\/wp\/v2\/media?parent=56178"}],"wp:term":[{"taxonomy":"category","embeddable":true,"href":"https:\/\/laurbedigital.com.ar\/noticias\/wp-json\/wp\/v2\/categories?post=56178"},{"taxonomy":"post_tag","embeddable":true,"href":"https:\/\/laurbedigital.com.ar\/noticias\/wp-json\/wp\/v2\/tags?post=56178"}],"curies":[{"name":"wp","href":"https:\/\/api.w.org\/{rel}","templated":true}]}}