{"id":56050,"date":"2021-06-22T15:23:57","date_gmt":"2021-06-22T18:23:57","guid":{"rendered":"https:\/\/laurbedigital.com.ar\/noticias\/?p=56050"},"modified":"2021-06-22T15:23:57","modified_gmt":"2021-06-22T18:23:57","slug":"autorizan-la-reapertura-gradual-de-exportaciones-y-fijan-siete-cortes-para-consumo-local","status":"publish","type":"post","link":"https:\/\/laurbedigital.com.ar\/noticias\/2021\/06\/22\/autorizan-la-reapertura-gradual-de-exportaciones-y-fijan-siete-cortes-para-consumo-local\/","title":{"rendered":"Autorizan la reapertura gradual de exportaciones y fijan siete cortes para consumo local"},"content":{"rendered":"<p>&nbsp;<\/p>\n<h5>As\u00ed lo anunci\u00f3 el ministro de Desarrollo Productivo, Mat\u00edas Kulfas, tras la reuni\u00f3n encabezada por el presidente Alberto Fern\u00e1ndez con representantes de las entidades rurales y c\u00e1maras que nuclean a industriales y exportadores de la carne.<\/h5>\n<p>El ministro de Desarrollo Productivo, Mat\u00edas Kulfas, anunci\u00f3 este martes la\u00a0<strong>reapertura gradual de las exportaciones\u00a0<\/strong>y anticip\u00f3 que esta tarde se publicar\u00e1 en el Bolet\u00edn Oficial un decreto -firmado por el presidente Alberto Fern\u00e1ndez- que<strong>\u00a0limita la venta al exterior de siete cortes populares que ser\u00e1n destinados al consumo interno<\/strong>.<\/p>\n<p>Dichos cortes son las\u00a0<strong>medias reses, cuartos delanteros con hueso, asado, falda, matambre, tapa de asado, cuadrada, paleta y vac\u00edo,<\/strong>\u00a0precis\u00f3 Kulfas en una conferencia de prensa.<\/p>\n<p>Kulfas asegur\u00f3: <em>\u00abEstamos volviendo a poner en funcionamiento el acuerdo con frigor\u00edficos para poner a la venta once cortes de carne a bajos precios\u00bb.<\/em><\/p>\n<p>El objetivo es<em> \u00abreducir el precio promedio de la carne y facilitar el acceso a aquellos que m\u00e1s lo necesitan\u00bb,<\/em> afirm\u00f3 el ministro en una conferencia de prensa en Casa Rosada acompa\u00f1ado por su par de Agricultura, Luis Basterra tras la reuni\u00f3n encabezada por el presidente Alberto Fern\u00e1ndez con representantes de las entidades rurales y c\u00e1maras que nuclean a industriales y exportadores de la carne.<\/p>\n<p>El ministro de Desarrollo Productivo anunci\u00f3 adem\u00e1s que el Gobierno nacional avanzar\u00e1 en los pr\u00f3ximos 30 d\u00edas con el desarrollo de un Plan Ganadero en \u00abconsenso\u00bb con el Consejo Agroindustrial Argentina, la Mesa de Carnes y los sectores de la producci\u00f3n y el trabajo, y los gobernadores de las provincias productoras.<\/p>\n<p>Kulfas adelant\u00f3 que se van a profundizar las medidas de control con la depuraci\u00f3n del padr\u00f3n de exportadores tras haberse detectado<em> \u00abmuchos participantes del mundo financiero y contable aprovechando negocios puntuales que distorsionaron el mercado\u00bb.<\/em><\/p>\n<p>El ministro tambi\u00e9n reiter\u00f3 reiter\u00f3 que se registraron <em>\u00abpr\u00e1cticas probadas de violaci\u00f3n de la normativa fiscal, cambiaria y aduanera\u00bb,<\/em> por lo que el objetivo es que <em>\u00abel sector vuelva a funcionar con todas las de la ley\u00bb.<\/em><\/p>\n<p><em>\u00abSe va a ir normalizando la situaci\u00f3n de manera paulatina con la recuperaci\u00f3n de parte de las exportaciones, se va a estabilizar el sendero de precios en el mercado local\u00bb,<\/em> anticip\u00f3 el ministro, quien agreg\u00f3 que<em> \u00ablos cortes populares van a permitir reducir el incremento de precios\u00bb.<\/em><\/p>\n<p>&nbsp;<\/p>\n","protected":false},"excerpt":{"rendered":"<p>&nbsp; As\u00ed lo anunci\u00f3 el ministro de Desarrollo Productivo, Mat\u00edas Kulfas, tras la reuni\u00f3n encabezada por el presidente Alberto Fern\u00e1ndez<\/p>\n","protected":false},"author":1,"featured_media":56051,"comment_status":"closed","ping_status":"closed","sticky":false,"template":"","format":"standard","meta":{"kia_subtitle":"","footnotes":"","jetpack_publicize_message":"","jetpack_publicize_feature_enabled":true,"jetpack_social_post_already_shared":true,"jetpack_social_options":{"image_generator_settings":{"template":"highway","default_image_id":0,"font":"","enabled":false},"version":2}},"categories":[3,41],"tags":[],"class_list":["post-56050","post","type-post","status-publish","format-standard","has-post-thumbnail","hentry","category-actualidad","category-nacionales"],"jetpack_publicize_connections":[],"jetpack_featured_media_url":"https:\/\/laurbedigital.com.ar\/noticias\/wp-content\/uploads\/2021\/06\/20210622-Z-Kulfas.jpg","_links":{"self":[{"href":"https:\/\/laurbedigital.com.ar\/noticias\/wp-json\/wp\/v2\/posts\/56050","targetHints":{"allow":["GET"]}}],"collection":[{"href":"https:\/\/laurbedigital.com.ar\/noticias\/wp-json\/wp\/v2\/posts"}],"about":[{"href":"https:\/\/laurbedigital.com.ar\/noticias\/wp-json\/wp\/v2\/types\/post"}],"author":[{"embeddable":true,"href":"https:\/\/laurbedigital.com.ar\/noticias\/wp-json\/wp\/v2\/users\/1"}],"replies":[{"embeddable":true,"href":"https:\/\/laurbedigital.com.ar\/noticias\/wp-json\/wp\/v2\/comments?post=56050"}],"version-history":[{"count":2,"href":"https:\/\/laurbedigital.com.ar\/noticias\/wp-json\/wp\/v2\/posts\/56050\/revisions"}],"predecessor-version":[{"id":56053,"href":"https:\/\/laurbedigital.com.ar\/noticias\/wp-json\/wp\/v2\/posts\/56050\/revisions\/56053"}],"wp:featuredmedia":[{"embeddable":true,"href":"https:\/\/laurbedigital.com.ar\/noticias\/wp-json\/wp\/v2\/media\/56051"}],"wp:attachment":[{"href":"https:\/\/laurbedigital.com.ar\/noticias\/wp-json\/wp\/v2\/media?parent=56050"}],"wp:term":[{"taxonomy":"category","embeddable":true,"href":"https:\/\/laurbedigital.com.ar\/noticias\/wp-json\/wp\/v2\/categories?post=56050"},{"taxonomy":"post_tag","embeddable":true,"href":"https:\/\/laurbedigital.com.ar\/noticias\/wp-json\/wp\/v2\/tags?post=56050"}],"curies":[{"name":"wp","href":"https:\/\/api.w.org\/{rel}","templated":true}]}}