{"id":55846,"date":"2021-06-19T19:55:42","date_gmt":"2021-06-19T22:55:42","guid":{"rendered":"https:\/\/laurbedigital.com.ar\/noticias\/?p=55846"},"modified":"2021-06-19T19:55:42","modified_gmt":"2021-06-19T22:55:42","slug":"quiero-a-mi-hija-de-vuelta-y-la-quiero-con-vida-el-desgarrador-mensaje-del-papa-de-guadalupe","status":"publish","type":"post","link":"https:\/\/laurbedigital.com.ar\/noticias\/2021\/06\/19\/quiero-a-mi-hija-de-vuelta-y-la-quiero-con-vida-el-desgarrador-mensaje-del-papa-de-guadalupe\/","title":{"rendered":"\u00abQuiero a mi hija de vuelta y la quiero con vida\u00bb: El desgarrador mensaje del pap\u00e1 de Guadalupe"},"content":{"rendered":"<p>&nbsp;<\/p>\n<h5>Eric Lucero, el padre de Guadalupe, la ni\u00f1a de 5 a\u00f1os desaparecida en San Luis el pasado lunes, dijo hoy que quiere saber si su hija \u00abest\u00e1 bien\u00bb y rog\u00f3 que si alguien la tiene \u00abno le hagan da\u00f1o\u00bb y \u00absi se sienten acorralados la entreguen o la dejen en alg\u00fan lado\u00bb.<\/h5>\n<p>\u00abQuiero a mi hija de vuelta con nosotros y la quiero con vida. Me gustar\u00eda saber que mi hija est\u00e1 bien\u00bb, asegur\u00f3 Lucero, quien pidi\u00f3 a sus eventuales captores que \u00abno le hagan da\u00f1o, que si se sienten acorralados que la entreguen o la dejen en alg\u00fan lado\u00bb.<\/p>\n<p>El hombre sostuvo que <em>\u00abno tiene antecedentes\u00bb, afirm\u00f3 que \u00abnunca vend\u00ed droga ni acompa\u00f1\u00e9 a nadie a ning\u00fan lado llevando droga\u00bb<\/em> e inst\u00f3 a que la Justicia abra otras v\u00edas de investigaci\u00f3n para no centrarse \u00fanicamente en la sospecha de que se trate de una venganza narco o personal, lo que desestim\u00f3.<\/p>\n<p><em>\u00abNo tengo dudas de que la polic\u00eda la est\u00e1 buscando y todos estamos haciendo de todo para encontrarla y nada. Es desesperante\u00bb<\/em>, expres\u00f3 Lucero.<\/p>\n<p>El hombre se\u00f1al\u00f3 que <em>\u00abla peor posibilidad\u00bb<\/em> de encontrar a la ni\u00f1a sin vida est\u00e1 latente y coment\u00f3 que con Yamila, su exmujer y madre de Guadalupe,<em> \u00abes desesperante vivir (esta situaci\u00f3n) en carne propia\u00bb.<\/em><\/p>\n<p><em>\u00abEstoy sin vida\u00bb,<\/em> afirm\u00f3 Lucero sobre los cinco d\u00edas que pasaron desde que la ni\u00f1a desapareci\u00f3 del barrio 544 Viviendas ubicado al sur de la ciudad de San Luis cuando jugaba en la vereda de la casa de una t\u00eda, en un festejo de cumplea\u00f1os.<\/p>\n<p>Lucero trabaja en el hospital del sur de San Luis, donde realiza tareas de limpieza.<\/p>\n<p><em>\u00abSoy mucamo y trabajo para el plan de inclusi\u00f3n, tengo horario rotativo y afuera del hospital siempre tengo alguna que otra changuita, porque siempre trabaj\u00e9 en la construcci\u00f3n\u00bb,<\/em> sostuvo en di\u00e1logo con el canal TN, antes de ir a una movilizaci\u00f3n prevista para esta tarde en respaldo a la b\u00fasqueda de su hija.<\/p>\n<p><em>\u00abQueremos que no se pare la b\u00fasqueda de Guadalupe, para que esto siga haciendo ruido en todos lados, y que quien tenga alg\u00fan dato lo d\u00e9. Porque la investigaci\u00f3n se est\u00e1 quedando sin pistas\u00bb,<\/em> precis\u00f3 Lucero, que tiene otro hijo de 7 a\u00f1os que ahora est\u00e1 al cuidado de una t\u00eda.<\/p>\n<p>Por su parte, H\u00e9ctor Zavala, abogado que acompa\u00f1a al padre de Guadalupe, reiter\u00f3 que habr\u00eda que ir descartando la v\u00eda de investigaci\u00f3n del narcotr\u00e1fico.<\/p>\n<p><em>\u00abPensamos que la investigaci\u00f3n tiene que tomar otro rumbo\u00bb,<\/em> dijo Zavala y explic\u00f3 que <em>\u00abno s\u00f3lo nosotros lo estamos diciendo, sino que se est\u00e1 diciendo tambi\u00e9n en la Justicia. Ya se peritaron todos los tel\u00e9fonos y no hay antecedentes en los padres de la ni\u00f1a que refuercen esta hip\u00f3tesis\u00bb.<\/em><\/p>\n<p>El letrado anunci\u00f3 que por parte de su representado van a pedir en las pr\u00f3ximas horas ampliar la declaraci\u00f3n que hicieron en un primer momento para aportar otros datos que le fueron llegando en las \u00faltimas horas.<\/p>\n<p>Asimismo, considera que si bien no se descarta la hip\u00f3tesis de un ataque sexual, los datos que tienen <em>\u00abapuntan a otro sector, a una relaci\u00f3n cercana a otros miembros de la familia, que en su momento dar\u00e1n a conocer\u00bb<\/em>, sin precisar m\u00e1s detalles.<\/p>\n<p><em>\u00abQueremos que quede sentado en la causa que nosotros aportamos este dato\u00bb,<\/em> se\u00f1al\u00f3 el abogado.<\/p>\n<p>Los rastrillajes en b\u00fasqueda de la ni\u00f1a continuaban este s\u00e1bado en las zonas suroeste y noroeste de la ciudad y se revisar\u00e1 el lecho del Dique Chico, que ayer fue drenado, tarea a la que se sumar\u00e1n los bomberos voluntarios de C\u00f3rdoba y Mendoza.<\/p>\n<p>La investigaci\u00f3n se centra ahora en analizar en profundidad toda la informaci\u00f3n recabada, incluidos los datos surgidos tras el ofrecimiento de la recompensa de Naci\u00f3n de 2 millones de pesos.<\/p>\n<p>&nbsp;<\/p>\n","protected":false},"excerpt":{"rendered":"<p>&nbsp; Eric Lucero, el padre de Guadalupe, la ni\u00f1a de 5 a\u00f1os desaparecida en San Luis el pasado lunes, dijo<\/p>\n","protected":false},"author":1,"featured_media":55669,"comment_status":"closed","ping_status":"closed","sticky":false,"template":"","format":"standard","meta":{"kia_subtitle":"","footnotes":"","jetpack_publicize_message":"","jetpack_publicize_feature_enabled":true,"jetpack_social_post_already_shared":true,"jetpack_social_options":{"image_generator_settings":{"template":"highway","default_image_id":0,"font":"","enabled":false},"version":2}},"categories":[8],"tags":[],"class_list":["post-55846","post","type-post","status-publish","format-standard","has-post-thumbnail","hentry","category-policiales"],"jetpack_publicize_connections":[],"jetpack_featured_media_url":"https:\/\/laurbedigital.com.ar\/noticias\/wp-content\/uploads\/2021\/06\/20210616-guadalupe.jpg","_links":{"self":[{"href":"https:\/\/laurbedigital.com.ar\/noticias\/wp-json\/wp\/v2\/posts\/55846","targetHints":{"allow":["GET"]}}],"collection":[{"href":"https:\/\/laurbedigital.com.ar\/noticias\/wp-json\/wp\/v2\/posts"}],"about":[{"href":"https:\/\/laurbedigital.com.ar\/noticias\/wp-json\/wp\/v2\/types\/post"}],"author":[{"embeddable":true,"href":"https:\/\/laurbedigital.com.ar\/noticias\/wp-json\/wp\/v2\/users\/1"}],"replies":[{"embeddable":true,"href":"https:\/\/laurbedigital.com.ar\/noticias\/wp-json\/wp\/v2\/comments?post=55846"}],"version-history":[{"count":2,"href":"https:\/\/laurbedigital.com.ar\/noticias\/wp-json\/wp\/v2\/posts\/55846\/revisions"}],"predecessor-version":[{"id":55848,"href":"https:\/\/laurbedigital.com.ar\/noticias\/wp-json\/wp\/v2\/posts\/55846\/revisions\/55848"}],"wp:featuredmedia":[{"embeddable":true,"href":"https:\/\/laurbedigital.com.ar\/noticias\/wp-json\/wp\/v2\/media\/55669"}],"wp:attachment":[{"href":"https:\/\/laurbedigital.com.ar\/noticias\/wp-json\/wp\/v2\/media?parent=55846"}],"wp:term":[{"taxonomy":"category","embeddable":true,"href":"https:\/\/laurbedigital.com.ar\/noticias\/wp-json\/wp\/v2\/categories?post=55846"},{"taxonomy":"post_tag","embeddable":true,"href":"https:\/\/laurbedigital.com.ar\/noticias\/wp-json\/wp\/v2\/tags?post=55846"}],"curies":[{"name":"wp","href":"https:\/\/api.w.org\/{rel}","templated":true}]}}