{"id":55842,"date":"2021-06-19T17:04:11","date_gmt":"2021-06-19T20:04:11","guid":{"rendered":"https:\/\/laurbedigital.com.ar\/noticias\/?p=55842"},"modified":"2021-06-19T17:04:11","modified_gmt":"2021-06-19T20:04:11","slug":"encuentran-asesinada-a-una-joven-de-27-anos-en-un-hotel-de-bernal-y-buscan-a-un-sospechoso","status":"publish","type":"post","link":"https:\/\/laurbedigital.com.ar\/noticias\/2021\/06\/19\/encuentran-asesinada-a-una-joven-de-27-anos-en-un-hotel-de-bernal-y-buscan-a-un-sospechoso\/","title":{"rendered":"Encuentran asesinada a una joven de 27 a\u00f1os en un hotel de Bernal y buscan a un sospechoso"},"content":{"rendered":"<p>&nbsp;<\/p>\n<h5>Una joven de 27 a\u00f1os fue encontrada asesinada de una pu\u00f1alada en el cuello en un hotel alojamiento de la localidad bonaerense de Bernal y por el femicidio buscaban hoy a un sospechoso, informaron fuentes judiciales y policiales.<\/h5>\n<p>El hecho fue descubierto anoche en el albergue transitorio La Notte, ubicado en avenida Tom\u00e1s Flores al 2200 de la mencionada localidad del partido de Quilmes, en la zona sur del conurbano.<\/p>\n<p>Fuentes judiciales informaron a telam que el cuerpo de la v\u00edctima, identificada como Mayra Guadalupe Flores, fue encontrado por personal del establecimiento en la habitaci\u00f3n 2, por lo que inmediatamente se alert\u00f3 al 911.<\/p>\n<p>Al llegar al lugar, efectivos de la comisar\u00eda 2da. de Quilmes constataron que la joven, madre de tres hijos, ten\u00eda una herida punzocortante en el cuello que le hab\u00eda provocado la muerte.<\/p>\n<p>Seg\u00fan las fuentes, los investigadores establecieron que, cerca de las 18, Flores hab\u00eda ingresado al lugar con un hombre y que media hora despu\u00e9s pidi\u00f3 una cerveza.<\/p>\n<p>De acuerdo a lo recabado hasta el momento, el sospechoso se retir\u00f3 del lugar a las 19.30 y el encargado del hotel ingres\u00f3 luego a la habitaci\u00f3n, donde la encontr\u00f3 asesinada.<\/p>\n<p>Los investigadores continuaban hoy buscando al presunto autor del femicidio a trav\u00e9s de distintas diligencias.<\/p>\n<p>El hecho es investigado por la fiscal Mariana Curra Zamaniego, a cargo de la Unidad Funcional de Instrucci\u00f3n (UFI) 6 del Departamento Judicial Quilmes, quien dispuso que se realice la autopsia correspondiente.<\/p>\n<p>&nbsp;<\/p>\n","protected":false},"excerpt":{"rendered":"<p>&nbsp; Una joven de 27 a\u00f1os fue encontrada asesinada de una pu\u00f1alada en el cuello en un hotel alojamiento de<\/p>\n","protected":false},"author":1,"featured_media":55843,"comment_status":"closed","ping_status":"closed","sticky":false,"template":"","format":"standard","meta":{"kia_subtitle":"","footnotes":"","jetpack_publicize_message":"","jetpack_publicize_feature_enabled":true,"jetpack_social_post_already_shared":true,"jetpack_social_options":{"image_generator_settings":{"template":"highway","default_image_id":0,"font":"","enabled":false},"version":2}},"categories":[8],"tags":[],"class_list":["post-55842","post","type-post","status-publish","format-standard","has-post-thumbnail","hentry","category-policiales"],"jetpack_publicize_connections":[],"jetpack_featured_media_url":"https:\/\/laurbedigital.com.ar\/noticias\/wp-content\/uploads\/2021\/06\/20210619-Femicidio-Bernal.jpg","_links":{"self":[{"href":"https:\/\/laurbedigital.com.ar\/noticias\/wp-json\/wp\/v2\/posts\/55842","targetHints":{"allow":["GET"]}}],"collection":[{"href":"https:\/\/laurbedigital.com.ar\/noticias\/wp-json\/wp\/v2\/posts"}],"about":[{"href":"https:\/\/laurbedigital.com.ar\/noticias\/wp-json\/wp\/v2\/types\/post"}],"author":[{"embeddable":true,"href":"https:\/\/laurbedigital.com.ar\/noticias\/wp-json\/wp\/v2\/users\/1"}],"replies":[{"embeddable":true,"href":"https:\/\/laurbedigital.com.ar\/noticias\/wp-json\/wp\/v2\/comments?post=55842"}],"version-history":[{"count":2,"href":"https:\/\/laurbedigital.com.ar\/noticias\/wp-json\/wp\/v2\/posts\/55842\/revisions"}],"predecessor-version":[{"id":55845,"href":"https:\/\/laurbedigital.com.ar\/noticias\/wp-json\/wp\/v2\/posts\/55842\/revisions\/55845"}],"wp:featuredmedia":[{"embeddable":true,"href":"https:\/\/laurbedigital.com.ar\/noticias\/wp-json\/wp\/v2\/media\/55843"}],"wp:attachment":[{"href":"https:\/\/laurbedigital.com.ar\/noticias\/wp-json\/wp\/v2\/media?parent=55842"}],"wp:term":[{"taxonomy":"category","embeddable":true,"href":"https:\/\/laurbedigital.com.ar\/noticias\/wp-json\/wp\/v2\/categories?post=55842"},{"taxonomy":"post_tag","embeddable":true,"href":"https:\/\/laurbedigital.com.ar\/noticias\/wp-json\/wp\/v2\/tags?post=55842"}],"curies":[{"name":"wp","href":"https:\/\/api.w.org\/{rel}","templated":true}]}}