{"id":55713,"date":"2021-06-17T13:44:18","date_gmt":"2021-06-17T16:44:18","guid":{"rendered":"https:\/\/laurbedigital.com.ar\/noticias\/?p=55713"},"modified":"2021-06-17T13:44:18","modified_gmt":"2021-06-17T16:44:18","slug":"voy-a-trabajar-por-reconstruir-un-pais-federal-dijo-el-presidente-en-salta-en-el-acto-por-el-bicentenario-del-fallecimiento-de-guemes","status":"publish","type":"post","link":"https:\/\/laurbedigital.com.ar\/noticias\/2021\/06\/17\/voy-a-trabajar-por-reconstruir-un-pais-federal-dijo-el-presidente-en-salta-en-el-acto-por-el-bicentenario-del-fallecimiento-de-guemes\/","title":{"rendered":"\u201cVoy a trabajar por reconstruir un pa\u00eds federal\u201d, dijo el Presidente en Salta en el acto por el bicentenario del fallecimiento de G\u00fcemes"},"content":{"rendered":"<p>&nbsp;<\/p>\n<h5>El presidente Alberto Fern\u00e1ndez dijo que \u201cvoy a trabajar por reconstruir un pa\u00eds federal donde el Norte no sea un norte olvidado, donde no haya un pa\u00eds central y una Argentina perif\u00e9rica\u201d, al encabezar esta ma\u00f1ana el acto conmemorativo por el bicentenario del fallecimiento del general Mart\u00edn Miguel de G\u00fcemes que tuvo lugar en el Monumento que se encuentra en la ciudad de Salta.<\/h5>\n<p><em>\u201cHoy es un d\u00eda propicio, a 200 a\u00f1os de su muerte, para que yo le jure al General que, en medio de la pandemia, voy a trabajar incansablemente para que la salud de cada argentino y cada argentina est\u00e9 preservada; para que le jure al General que su muerte no ha sido en vano\u201d,<\/em> enfatiz\u00f3 el mandatario.<\/p>\n<p><em>\u201cQuiero jurarle al General que voy a trabajar con los 24 gobernadores de la Argentina, porque es el imperativo que este tiempo me pone y es lo que la Argentina reclama. Quiero decirle, General, que voy a trabajar para que r\u00e1pidamente nos vacunemos todos, para que cada argentino y argentina deje vivir con el miedo de que un virus se mete en su cuerpo y complique su salud o termine con su vida\u201d,<\/em> afirm\u00f3 ante los infernales de G\u00fcemes.<\/p>\n<p>El Presidente pidi\u00f3 tomar la templanza de nuestros h\u00e9roes de la Independencia y dijo que <em>\u201chacer patria es ser generoso con el otro, con el pr\u00f3jimo, es recuperar la solidaridad, es entender -como dice el Papa Francisco y no me canso de repetir- que nadie en un escenario como \u00e9ste puede salvarse solo, que todos necesitamos del otro. Ser patriota es defender nuestra tierra, con toda su diversidad, es entender que cuando no estamos unidos, solo el malestar, la pena y la angustia terminan gan\u00e1ndonos\u201d.<\/em><\/p>\n<p><iframe loading=\"lazy\" title=\"YouTube video player\" src=\"https:\/\/www.youtube.com\/embed\/gTOD1NgHJdI\" width=\"560\" height=\"315\" frameborder=\"0\" allowfullscreen=\"allowfullscreen\"><\/iframe><\/p>\n<p><em>\u201cHacer patria es hacer justicia, es reclamar igualdad para todos, es tener convicciones y que esas convicciones nunca sean vulneradas por los poderosos que intentan comprarlas\u201d,<\/em> remarc\u00f3.<\/p>\n<p>Del acto participaron tambi\u00e9n el gobernador Gustavo S\u00e1enz; el vicegobernador, Antonio Marocco, y la intendenta de la capital provincial, Bettina Romero.<\/p>\n<p><em>\u201cHay una Argentina que duele, lastimada, por tantos a\u00f1os de olvido, hoy tenemos la esperanza de un gobierno que ha dejado de lado el centralismo porte\u00f1o, porque la Argentina no empieza y termina en Buenos Aires, Argentina es mucho m\u00e1s grande\u201d,<\/em> dijo S\u00e1enz, quien previamente hizo entrega del decreto que declara hu\u00e9sped ilustre al Jefe de Estado durante su visita a la Provincia de Salta.<\/p>\n<p>El gobernador enfatiz\u00f3 que <em>\u201choy es el momento, y la historia as\u00ed lo exige, de que el legado que nos dejaron nuestros padres de la patria nos lleve a trabajar de manera conjunta, a dejar de lado los odios, las mezquindades y los oportunismos. Hoy hay un solo enemigo que acecha al pa\u00eds y al mundo y es esta pandemia. Ah\u00ed nos tiene que encontrar trabajando, sin hacer pol\u00edtica, sin buscar ventajas\u201d.<\/em><\/p>\n<p>Luego del saludo a la Agrupaci\u00f3n 17 de junio, se izaron las banderas Provincial y Nacional, se colocaron ofrendas florales a los pies del monumento que est\u00e1 emplazado al final del Paseo G\u00fcemes y a los pies del cerro San Bernardo.<\/p>\n<p>Durante el acto, el mandatario descubri\u00f3 junto al gobernador salte\u00f1o una placa recordatoria en la que se puede leer la siguiente frase del General G\u00fcemes: <em>\u201cVoy a dejarlos, pero me voy tranquilo, porque s\u00e9 que detr\u00e1s de m\u00ed quedan ustedes que sabr\u00e1n defender la patria con el valor que han dado pruebas\u201d.<\/em><\/p>\n<p>Se entonaron los himnos al Gral. Martin Miguel de G\u00fcemes y Nacional Argentino, y se realiz\u00f3 una invocaci\u00f3n religiosa.<\/p>\n<p>Del homenaje al h\u00e9roe patrio tambi\u00e9n participaron los gobernadores de Chaco, Jorge Capitanich, y de Formosa, Gildo Insfr\u00e1n.<\/p>\n<p>El Presidente asisti\u00f3 al evento acompa\u00f1ado por los ministros de Defensa, Agust\u00edn Rossi, y del Interior, Eduardo de Pedro; la ministra de Salud, Carla Vizzotti; el secretario general de la Presidencia, Julio Vitobello, y la titular del PAMI, Luana Volnovich.<\/p>\n<p>Previamente, el Presidente, acompa\u00f1ado por el Gobernador y la intendenta Bettina Romero, hab\u00eda asistido a la Catedral Bas\u00edlica de Salta, donde se realiz\u00f3 una invocaci\u00f3n religiosa.<\/p>\n<p>&nbsp;<\/p>\n","protected":false},"excerpt":{"rendered":"<p>&nbsp; El presidente Alberto Fern\u00e1ndez dijo que \u201cvoy a trabajar por reconstruir un pa\u00eds federal donde el Norte no sea<\/p>\n","protected":false},"author":1,"featured_media":55714,"comment_status":"closed","ping_status":"closed","sticky":false,"template":"","format":"standard","meta":{"kia_subtitle":"","footnotes":"","jetpack_publicize_message":"","jetpack_publicize_feature_enabled":true,"jetpack_social_post_already_shared":true,"jetpack_social_options":{"image_generator_settings":{"template":"highway","default_image_id":0,"font":"","enabled":false},"version":2}},"categories":[3],"tags":[],"class_list":["post-55713","post","type-post","status-publish","format-standard","has-post-thumbnail","hentry","category-actualidad"],"jetpack_publicize_connections":[],"jetpack_featured_media_url":"https:\/\/laurbedigital.com.ar\/noticias\/wp-content\/uploads\/2021\/06\/20210617-Alberto-F.jpg","_links":{"self":[{"href":"https:\/\/laurbedigital.com.ar\/noticias\/wp-json\/wp\/v2\/posts\/55713","targetHints":{"allow":["GET"]}}],"collection":[{"href":"https:\/\/laurbedigital.com.ar\/noticias\/wp-json\/wp\/v2\/posts"}],"about":[{"href":"https:\/\/laurbedigital.com.ar\/noticias\/wp-json\/wp\/v2\/types\/post"}],"author":[{"embeddable":true,"href":"https:\/\/laurbedigital.com.ar\/noticias\/wp-json\/wp\/v2\/users\/1"}],"replies":[{"embeddable":true,"href":"https:\/\/laurbedigital.com.ar\/noticias\/wp-json\/wp\/v2\/comments?post=55713"}],"version-history":[{"count":2,"href":"https:\/\/laurbedigital.com.ar\/noticias\/wp-json\/wp\/v2\/posts\/55713\/revisions"}],"predecessor-version":[{"id":55716,"href":"https:\/\/laurbedigital.com.ar\/noticias\/wp-json\/wp\/v2\/posts\/55713\/revisions\/55716"}],"wp:featuredmedia":[{"embeddable":true,"href":"https:\/\/laurbedigital.com.ar\/noticias\/wp-json\/wp\/v2\/media\/55714"}],"wp:attachment":[{"href":"https:\/\/laurbedigital.com.ar\/noticias\/wp-json\/wp\/v2\/media?parent=55713"}],"wp:term":[{"taxonomy":"category","embeddable":true,"href":"https:\/\/laurbedigital.com.ar\/noticias\/wp-json\/wp\/v2\/categories?post=55713"},{"taxonomy":"post_tag","embeddable":true,"href":"https:\/\/laurbedigital.com.ar\/noticias\/wp-json\/wp\/v2\/tags?post=55713"}],"curies":[{"name":"wp","href":"https:\/\/api.w.org\/{rel}","templated":true}]}}