{"id":55270,"date":"2021-06-11T20:16:02","date_gmt":"2021-06-11T23:16:02","guid":{"rendered":"https:\/\/laurbedigital.com.ar\/noticias\/?p=55270"},"modified":"2021-06-11T20:16:02","modified_gmt":"2021-06-11T23:16:02","slug":"provincia-compro-5-millones-de-dosis-de-la-vacuna-anti-covid-de-cansino","status":"publish","type":"post","link":"https:\/\/laurbedigital.com.ar\/noticias\/2021\/06\/11\/provincia-compro-5-millones-de-dosis-de-la-vacuna-anti-covid-de-cansino\/","title":{"rendered":"Provincia compr\u00f3 5 millones de dosis de la vacuna anti Covid de Cansino"},"content":{"rendered":"<p>&nbsp;<\/p>\n<h5>El gobernador Axel Kicillof anunci\u00f3 la firma de un contrato para traer 5 millones de dosis de la vacuna anti Covid de Cansino, una firma chino-canadiense, lo que se suma a las 10 millones de dosis que hab\u00eda adquirido la Provincia la semana pasada a la firma india Bharat Biotech.<\/h5>\n<p><em>\u201cEl otro d\u00eda anunciamos la firma de un contrato por la compra de hasta 15 millones de vacunas del laboratorio Bharat Biotech. Ahora firmamos otro por 5 millones de vacunas Convidecia con el laboratorio CanSino, que fue rubricado el 4 de junio, pero por razones de confidencialidad no pudimos anunciar antes. Hay 4 condiciones para la llegada de la vacuna\u201d,<\/em> anunci\u00f3 Kicillof.<\/p>\n<p>El uso de la vacuna Convidecia fue aprobado minutos antes, de emergencia, por el Ministerio de Salud, luego de una recomendaci\u00f3n de la ANMAT a la ministra de Salud, Carla Vizzotti. Pero eso no se traducir\u00e1 en una llegada inmediata de m\u00e1s dosis, ya que a\u00fan resta un OK del gobierno chino y que coincida un pedido de la provincia con la disponibilidad por parte de la compa\u00f1\u00eda para enviarla.<\/p>\n<p>El mandatario provincial explic\u00f3 que CanSino se trata de <em>\u201cuna vacuna de una sola dosis, como la del laboratorio de Johnson &amp; Johnson. Y tiene una eficacia para prevenir casos graves del 96 por ciento y una eficacia para prevenir la enfermedad, del 67 por ciento\u201d,<\/em> y aclar\u00f3 que ser\u00e1n <em>\u201caportadas para su distribuci\u00f3n equitativa en todo el territorio argentino, de manera solidaria y federal\u201d.<\/p>\n<p><img loading=\"lazy\" decoding=\"async\" class=\"alignnone size-full wp-image-52015\" src=\"https:\/\/laurbedigital.com.ar\/noticias\/wp-content\/uploads\/2021\/04\/20210430-Kicillof-1.jpg\" alt=\"\" width=\"768\" height=\"428\" title=\"\" srcset=\"https:\/\/laurbedigital.com.ar\/noticias\/wp-content\/uploads\/2021\/04\/20210430-Kicillof-1.jpg 768w, https:\/\/laurbedigital.com.ar\/noticias\/wp-content\/uploads\/2021\/04\/20210430-Kicillof-1-300x167.jpg 300w\" sizes=\"auto, (max-width: 768px) 100vw, 768px\" \/><br \/>\n<\/em><\/p>\n<p>La vacuna desarrollada por el Beijing Institute of Biotechnology utiliza un enfoque de vector viral que toma un virus vinculado al resfr\u00edo com\u00fan (adenovirus) al que se le agrega gen\u00e9ticamente una prote\u00edna propia del Covid-19 para poder ser reconocido por el sistema inmunol\u00f3gico y generar inmunidad. El sistema que utiliza el inoculante de Cansino es similar al desarrollado por AstraZeneca, a la del Centro Gamaleya (Sputnik V) y la vacuna de Janssen, de Johnson &amp; Johnson, que tambi\u00e9n est\u00e1n montadas sobre adenovirus.<\/p>\n<p>Sus efectos adversos son leves o moderados. Los m\u00e1s frecuentes fueron: dolor, enrojecimiento, inflamaci\u00f3n y prurito en el sitio de aplicaci\u00f3n, fiebre, fatiga, dolor de cabeza, n\u00e1useas, diarrea, disminuci\u00f3n del apetito y mareo, y en menor frecuencia, hipoestesias (disminuci\u00f3n de la sensibilidad t\u00e1ctil), problemas gastrointestinales y somnolencia.<\/p>\n<p>La vacuna fue testeada con voluntarios en Pakist\u00e1n, Rusia, Arabia Saudita, Chile, M\u00e9xico y Argentina. En nuestro pa\u00eds, la Fundaci\u00f3n Hu\u00e9sped particip\u00f3 de los estudios \u201ccon buenos resultados preliminares y sin efectos adversos serios\u201d, dijo su titular, Pedro Cahn, quien agreg\u00f3 que el estudio, que ya lleva meses en nuestro pa\u00eds, durar\u00e1 un a\u00f1o e incluye a nivel mundial 40.000 personas voluntarias, mayores de 18 a\u00f1os, que por su historia cl\u00ednica y examen f\u00edsico tengan un buen estado de salud y sean elegibles.<\/p>\n<p>La vacuna fue concebida como de una sola dosis, aunque el laboratorio est\u00e1 investigando ahora la posibilidad de aplicar una segunda. A tal efecto realiz\u00f3 \u201cuna enmienda a su protocolo\u201d de los estudios en fase III, que involucraron a 60 mil personas en todo el mundo. dib<\/p>\n<p>&nbsp;<\/p>\n","protected":false},"excerpt":{"rendered":"<p>&nbsp; El gobernador Axel Kicillof anunci\u00f3 la firma de un contrato para traer 5 millones de dosis de la vacuna<\/p>\n","protected":false},"author":1,"featured_media":55293,"comment_status":"closed","ping_status":"closed","sticky":false,"template":"","format":"standard","meta":{"kia_subtitle":"","footnotes":"","jetpack_publicize_message":"","jetpack_publicize_feature_enabled":true,"jetpack_social_post_already_shared":true,"jetpack_social_options":{"image_generator_settings":{"template":"highway","default_image_id":0,"font":"","enabled":false},"version":2}},"categories":[3,56],"tags":[],"class_list":["post-55270","post","type-post","status-publish","format-standard","has-post-thumbnail","hentry","category-actualidad","category-buenos-aires"],"jetpack_publicize_connections":[],"jetpack_featured_media_url":"https:\/\/laurbedigital.com.ar\/noticias\/wp-content\/uploads\/2021\/06\/20210611-vacuna.jpg","_links":{"self":[{"href":"https:\/\/laurbedigital.com.ar\/noticias\/wp-json\/wp\/v2\/posts\/55270","targetHints":{"allow":["GET"]}}],"collection":[{"href":"https:\/\/laurbedigital.com.ar\/noticias\/wp-json\/wp\/v2\/posts"}],"about":[{"href":"https:\/\/laurbedigital.com.ar\/noticias\/wp-json\/wp\/v2\/types\/post"}],"author":[{"embeddable":true,"href":"https:\/\/laurbedigital.com.ar\/noticias\/wp-json\/wp\/v2\/users\/1"}],"replies":[{"embeddable":true,"href":"https:\/\/laurbedigital.com.ar\/noticias\/wp-json\/wp\/v2\/comments?post=55270"}],"version-history":[{"count":2,"href":"https:\/\/laurbedigital.com.ar\/noticias\/wp-json\/wp\/v2\/posts\/55270\/revisions"}],"predecessor-version":[{"id":55295,"href":"https:\/\/laurbedigital.com.ar\/noticias\/wp-json\/wp\/v2\/posts\/55270\/revisions\/55295"}],"wp:featuredmedia":[{"embeddable":true,"href":"https:\/\/laurbedigital.com.ar\/noticias\/wp-json\/wp\/v2\/media\/55293"}],"wp:attachment":[{"href":"https:\/\/laurbedigital.com.ar\/noticias\/wp-json\/wp\/v2\/media?parent=55270"}],"wp:term":[{"taxonomy":"category","embeddable":true,"href":"https:\/\/laurbedigital.com.ar\/noticias\/wp-json\/wp\/v2\/categories?post=55270"},{"taxonomy":"post_tag","embeddable":true,"href":"https:\/\/laurbedigital.com.ar\/noticias\/wp-json\/wp\/v2\/tags?post=55270"}],"curies":[{"name":"wp","href":"https:\/\/api.w.org\/{rel}","templated":true}]}}