{"id":55105,"date":"2021-06-10T10:41:29","date_gmt":"2021-06-10T13:41:29","guid":{"rendered":"https:\/\/laurbedigital.com.ar\/noticias\/?p=55105"},"modified":"2021-06-10T10:54:03","modified_gmt":"2021-06-10T13:54:03","slug":"comienza-en-la-ciudad-un-paro-de-48-horas-de-ademys-y-continuan-protestas-de-ute","status":"publish","type":"post","link":"https:\/\/laurbedigital.com.ar\/noticias\/2021\/06\/10\/comienza-en-la-ciudad-un-paro-de-48-horas-de-ademys-y-continuan-protestas-de-ute\/","title":{"rendered":"Comienza en la ciudad un paro de 48 horas de Ademys y contin\u00faan protestas de UTE"},"content":{"rendered":"<p>COMIENZA EN LA CIUDAD UN PARO DE 48 HORAS DE ADEMYS Y CONTIN\u00daAN PROTESTAS DE UTE<\/p>\n<h5>\u00abComenzamos hoy la primera jornada de paro luego de que ayer se conoci\u00f3 la muerte por Covid de la profesora y afiliada Graciela Moldes\u00bb, dijo Jorge Adaro, secretario adjunto de Ademys.<\/h5>\n<p>La Asociaci\u00f3n de Docentes de Ense\u00f1anza Media y Superior (Ademys) comenz\u00f3 este jueves un paro de 48 horas en las escuelas porte\u00f1as en reclamo de<em> \u00abla suspensi\u00f3n de la escolaridad presencial\u00bb<\/em> y a pocas horas de la muerte de otro trabajador del sector, en tanto\u00a0<strong>desde UTE realizar\u00e1n una nueva jornada de duelo y lucha con la pegatina de afiches<\/strong>.<\/p>\n<p><em>\u00abComenzamos hoy la primera jornada de paro luego de que ayer se conoci\u00f3 la muerte por Covid de la profesora y afiliada Graciela Moldes, profesional de larga trayectoria en la formaci\u00f3n docente de CABA\u00bb&#8230;<\/em><\/p>\n<p>NOTA\u00a0<a href=\"https:\/\/bit.ly\/3pHkSha\" target=\"_blank\" rel=\"noopener\">https:\/\/bit.ly\/3pHkSha<\/a><\/p>\n<p><em>\u00abElla, como docente de matem\u00e1ticas del nivel superior luch\u00f3 contra la Unicaba\u00bb,<\/em> record\u00f3 Adaro, y sostuvo que <em>\u00absiempre estuvo comprometida con la defensa de la educaci\u00f3n p\u00fablica\u00bb.<\/em><\/p>\n<p>Luego, en declaraciones a El Destape Radio, declar\u00f3:\u00a0<strong><em>\u00abLo que hace la ministra de Educaci\u00f3n porte\u00f1a (Soledad) Acu\u00f1a es criminal. Tenemos dos o tres docentes fallecidos por semana\u00bb<\/em> y agreg\u00f3: <em>\u00abNo entendemos porque la ministra insiste con m\u00e1s aperturas, eso va a empeorar la situaci\u00f3n\u00bb.<\/em><\/strong><\/p>\n<p><img loading=\"lazy\" decoding=\"async\" class=\"wp-image-55109 size-full aligncenter\" src=\"https:\/\/laurbedigital.com.ar\/noticias\/wp-content\/uploads\/2021\/06\/1-e1623332696266.jpg\" alt=\"\" width=\"620\" height=\"634\" title=\"\" srcset=\"https:\/\/laurbedigital.com.ar\/noticias\/wp-content\/uploads\/2021\/06\/1-e1623332696266.jpg 620w, https:\/\/laurbedigital.com.ar\/noticias\/wp-content\/uploads\/2021\/06\/1-e1623332696266-293x300.jpg 293w\" sizes=\"auto, (max-width: 620px) 100vw, 620px\" \/><\/p>\n<p>En tanto, desde Ademys siguieron <em>\u00abdenunciando al gobierno de (Horacio Rodr\u00edguez) Larreta por la pol\u00edtica de exposici\u00f3n de miles de trabajadorxs\u00bb.<\/em><\/p>\n<p>Por su parte, la Uni\u00f3n de Trabajadores de la Educaci\u00f3n (UTE) convoc\u00f3 para este jueves a las 16.30 a una &#8216;aficheada&#8217; en la sede del distrito 4, ubicada en Mart\u00edn Garc\u00eda y la avenida Patricios, bajo la consigna de <em>\u00abno ser c\u00f3mplice del negacionismo del Ejecutivo metropolitano, que expone a la comunidad educativa al contagio y la muerte\u00bb.<\/em><\/p>\n<p>El mi\u00e9rcoles,\u00a0<strong>en un comunicado firmado por la secretaria general, Ang\u00e9lica Graciano; y de Comunicaci\u00f3n y Prensa, Paula Galignana, se indic\u00f3 que desde el sindicato contin\u00faan exigiendo a la ministra Acu\u00f1a que<em> \u00abdeje de ocultar la realidad cotidiana de las escuelas<\/em><\/strong><em>\u00a0y de negar el derecho a la educaci\u00f3n a m\u00e1s del 80 por ciento de lxs estudiantes de la ciudad que cuidan su salud, la de sus familias y la de los vecinos\u00bb.<\/em><\/p>\n<p>Seg\u00fan el sindicato, el mi\u00e9rcoles<em> \u00abs\u00f3lo hubo una presencialidad del 10% en las escuelas producto del miedo, los contagios, las burbujas pinchadas, la retenci\u00f3n de servicios, el fr\u00edo y la lluvia\u00bb.<\/em><\/p>\n<p>&nbsp;<\/p>\n","protected":false},"excerpt":{"rendered":"<p>COMIENZA EN LA CIUDAD UN PARO DE 48 HORAS DE ADEMYS Y CONTIN\u00daAN PROTESTAS DE UTE \u00abComenzamos hoy la primera<\/p>\n","protected":false},"author":1,"featured_media":55106,"comment_status":"closed","ping_status":"closed","sticky":false,"template":"","format":"standard","meta":{"kia_subtitle":"","footnotes":"","jetpack_publicize_message":"","jetpack_publicize_feature_enabled":true,"jetpack_social_post_already_shared":true,"jetpack_social_options":{"image_generator_settings":{"template":"highway","default_image_id":0,"font":"","enabled":false},"version":2}},"categories":[13,2544],"tags":[],"class_list":["post-55105","post","type-post","status-publish","format-standard","has-post-thumbnail","hentry","category-region","category-ciudad-de-buenos-aires"],"jetpack_publicize_connections":[],"jetpack_featured_media_url":"https:\/\/laurbedigital.com.ar\/noticias\/wp-content\/uploads\/2021\/06\/20210610-paro-docenten-ciudad-ute.jpg","_links":{"self":[{"href":"https:\/\/laurbedigital.com.ar\/noticias\/wp-json\/wp\/v2\/posts\/55105","targetHints":{"allow":["GET"]}}],"collection":[{"href":"https:\/\/laurbedigital.com.ar\/noticias\/wp-json\/wp\/v2\/posts"}],"about":[{"href":"https:\/\/laurbedigital.com.ar\/noticias\/wp-json\/wp\/v2\/types\/post"}],"author":[{"embeddable":true,"href":"https:\/\/laurbedigital.com.ar\/noticias\/wp-json\/wp\/v2\/users\/1"}],"replies":[{"embeddable":true,"href":"https:\/\/laurbedigital.com.ar\/noticias\/wp-json\/wp\/v2\/comments?post=55105"}],"version-history":[{"count":4,"href":"https:\/\/laurbedigital.com.ar\/noticias\/wp-json\/wp\/v2\/posts\/55105\/revisions"}],"predecessor-version":[{"id":55111,"href":"https:\/\/laurbedigital.com.ar\/noticias\/wp-json\/wp\/v2\/posts\/55105\/revisions\/55111"}],"wp:featuredmedia":[{"embeddable":true,"href":"https:\/\/laurbedigital.com.ar\/noticias\/wp-json\/wp\/v2\/media\/55106"}],"wp:attachment":[{"href":"https:\/\/laurbedigital.com.ar\/noticias\/wp-json\/wp\/v2\/media?parent=55105"}],"wp:term":[{"taxonomy":"category","embeddable":true,"href":"https:\/\/laurbedigital.com.ar\/noticias\/wp-json\/wp\/v2\/categories?post=55105"},{"taxonomy":"post_tag","embeddable":true,"href":"https:\/\/laurbedigital.com.ar\/noticias\/wp-json\/wp\/v2\/tags?post=55105"}],"curies":[{"name":"wp","href":"https:\/\/api.w.org\/{rel}","templated":true}]}}