{"id":55022,"date":"2021-06-09T11:58:15","date_gmt":"2021-06-09T14:58:15","guid":{"rendered":"https:\/\/laurbedigital.com.ar\/noticias\/?p=55022"},"modified":"2021-06-09T11:58:15","modified_gmt":"2021-06-09T14:58:15","slug":"cascallares-con-eje-en-seguridad-alimentaria-y-en-las-instituciones","status":"publish","type":"post","link":"https:\/\/laurbedigital.com.ar\/noticias\/2021\/06\/09\/cascallares-con-eje-en-seguridad-alimentaria-y-en-las-instituciones\/","title":{"rendered":"Cascallares con eje en seguridad alimentaria y en las instituciones\u00a0"},"content":{"rendered":"<h5 dir=\"ltr\"><\/h5>\n<h5 dir=\"ltr\">En el marco del Plan Nacional Argentina Contra el Hambre, el intendente municipal Mariano Cascallares y la secretaria de Inclusi\u00f3n Social del Ministerio de Desarrollo de la Naci\u00f3n, Laura Alonso, firmaron un convenio fortaleciendo las acciones que garantizan la seguridad alimentaria de vecinas y vecinos de Almirante Brown en condici\u00f3n de vulnerabilidad social.<\/h5>\n<div dir=\"ltr\">Cascallares y Alonso sellaron el acuerdo para continuar garantizando la entrega de alimentos a la poblaci\u00f3n vulnerable de Almirante Brown.<\/p>\n<p>El acto de firma del convenio tuvo lugar en el Palacio Municipal, y cont\u00f3 con la participaci\u00f3n de la directora nacional de Fortalecimiento Institucional, Victoria Colombo, la secretaria de Desarrollo, Seguridad Social y Derechos Humanos, B\u00e1rbara Mi\u00f1\u00e1n, y el subsecretario de Desarrollo y DDHH, Adrian Arano.<\/p>\n<p><img loading=\"lazy\" decoding=\"async\" class=\"alignnone size-full wp-image-55025\" src=\"https:\/\/laurbedigital.com.ar\/noticias\/wp-content\/uploads\/2021\/06\/20210609-Brown-Seguridad-Alimentaria-Cascallares-2.jpg\" alt=\"\" width=\"768\" height=\"428\" title=\"\" srcset=\"https:\/\/laurbedigital.com.ar\/noticias\/wp-content\/uploads\/2021\/06\/20210609-Brown-Seguridad-Alimentaria-Cascallares-2.jpg 768w, https:\/\/laurbedigital.com.ar\/noticias\/wp-content\/uploads\/2021\/06\/20210609-Brown-Seguridad-Alimentaria-Cascallares-2-300x167.jpg 300w\" sizes=\"auto, (max-width: 768px) 100vw, 768px\" \/><\/p>\n<p>Posteriormente los funcionarios se trasladaron a la localidad de Longchamps, donde recorrieron el Hogar de ni\u00f1os y ni\u00f1as Colibr\u00edes -de Mensajeros de la Paz-, ubicado en el barrio los \u00c1lamos, que asiste a menores de 3 a 12 a\u00f1os\u00a0<strong>que viven situaciones complejas de vulneraci\u00f3n de derechos, y que tiene como\u00a0<\/strong>objetivo\u00a0<strong>brindar un espacio de contenci\u00f3n<\/strong>\u00a0para la poblaci\u00f3n que alberga.<\/p>\n<p>All\u00ed fueron recibidos por la titular de la instituci\u00f3n Graciela Gilona quien interiorizo a los visitantes respecto de la realidad que vive la instituci\u00f3n, de los proyectos, necesidades y de los alcances de la atenci\u00f3n que prestan a la comunidad hace 18 a\u00f1os.<\/p>\n<p><img loading=\"lazy\" decoding=\"async\" class=\"alignnone wp-image-55023 size-full\" src=\"https:\/\/laurbedigital.com.ar\/noticias\/wp-content\/uploads\/2021\/06\/20210609-Brown-Seguridad-Alimentaria-Cascallares-e1623250629662.jpg\" alt=\"\" width=\"760\" height=\"422\" title=\"\" srcset=\"https:\/\/laurbedigital.com.ar\/noticias\/wp-content\/uploads\/2021\/06\/20210609-Brown-Seguridad-Alimentaria-Cascallares-e1623250629662.jpg 760w, https:\/\/laurbedigital.com.ar\/noticias\/wp-content\/uploads\/2021\/06\/20210609-Brown-Seguridad-Alimentaria-Cascallares-e1623250629662-300x167.jpg 300w\" sizes=\"auto, (max-width: 760px) 100vw, 760px\" \/><\/p>\n<p>La jornada se extendi\u00f3 con la visita al Centro de Participaci\u00f3n Comunitaria del Suburbio, donde se brindan talleres- ahora bajo la modalidad virtual-\u00a0\u00a0y se trabaja para el fortalecimiento institucional de las diferentes entidades que conviven en la localidad. Finalmente visitaron el emprendimiento agroecol\u00f3gico Mama La Pacha Cooperativa.<\/p>\n<p><img loading=\"lazy\" decoding=\"async\" class=\"alignnone size-full wp-image-55026\" src=\"https:\/\/laurbedigital.com.ar\/noticias\/wp-content\/uploads\/2021\/06\/20210609-Brown-Seguridad-Alimentaria-Cascallares-2-panoramica.jpg\" alt=\"\" width=\"768\" height=\"278\" title=\"\" srcset=\"https:\/\/laurbedigital.com.ar\/noticias\/wp-content\/uploads\/2021\/06\/20210609-Brown-Seguridad-Alimentaria-Cascallares-2-panoramica.jpg 768w, https:\/\/laurbedigital.com.ar\/noticias\/wp-content\/uploads\/2021\/06\/20210609-Brown-Seguridad-Alimentaria-Cascallares-2-panoramica-300x109.jpg 300w\" sizes=\"auto, (max-width: 768px) 100vw, 768px\" \/><\/p>\n<p>Entre otros, formaron parte de la recorrida, el diputado nacional, Federico Fagioli y su par Mar\u00eda Rosa Mart\u00ednez, el secretario de Gesti\u00f3n Descentralizada local, Atilio Gari, y los\u00a0\u00a0delegados de Glew y Longchamps, Guillermo Antoniani y Jos\u00e9 Vega, respectivamente. Adem\u00e1s de la concejal Andrea Bonetto.<\/p><\/div>\n<div dir=\"ltr\"><\/div>\n<div dir=\"ltr\">\n<\/div>\n","protected":false},"excerpt":{"rendered":"<p>En el marco del Plan Nacional Argentina Contra el Hambre, el intendente municipal Mariano Cascallares y la secretaria de Inclusi\u00f3n<\/p>\n","protected":false},"author":1,"featured_media":55024,"comment_status":"closed","ping_status":"closed","sticky":false,"template":"","format":"standard","meta":{"kia_subtitle":"","footnotes":"","jetpack_publicize_message":"","jetpack_publicize_feature_enabled":true,"jetpack_social_post_already_shared":true,"jetpack_social_options":{"image_generator_settings":{"template":"highway","default_image_id":0,"font":"","enabled":false},"version":2}},"categories":[2,33],"tags":[],"class_list":["post-55022","post","type-post","status-publish","format-standard","has-post-thumbnail","hentry","category-alte-brown","category-alte-brown-alte-brown"],"jetpack_publicize_connections":[],"jetpack_featured_media_url":"https:\/\/laurbedigital.com.ar\/noticias\/wp-content\/uploads\/2021\/06\/20210609-Brown-Seguridad-Alimentaria-Cascallares-1.jpg","_links":{"self":[{"href":"https:\/\/laurbedigital.com.ar\/noticias\/wp-json\/wp\/v2\/posts\/55022","targetHints":{"allow":["GET"]}}],"collection":[{"href":"https:\/\/laurbedigital.com.ar\/noticias\/wp-json\/wp\/v2\/posts"}],"about":[{"href":"https:\/\/laurbedigital.com.ar\/noticias\/wp-json\/wp\/v2\/types\/post"}],"author":[{"embeddable":true,"href":"https:\/\/laurbedigital.com.ar\/noticias\/wp-json\/wp\/v2\/users\/1"}],"replies":[{"embeddable":true,"href":"https:\/\/laurbedigital.com.ar\/noticias\/wp-json\/wp\/v2\/comments?post=55022"}],"version-history":[{"count":2,"href":"https:\/\/laurbedigital.com.ar\/noticias\/wp-json\/wp\/v2\/posts\/55022\/revisions"}],"predecessor-version":[{"id":55028,"href":"https:\/\/laurbedigital.com.ar\/noticias\/wp-json\/wp\/v2\/posts\/55022\/revisions\/55028"}],"wp:featuredmedia":[{"embeddable":true,"href":"https:\/\/laurbedigital.com.ar\/noticias\/wp-json\/wp\/v2\/media\/55024"}],"wp:attachment":[{"href":"https:\/\/laurbedigital.com.ar\/noticias\/wp-json\/wp\/v2\/media?parent=55022"}],"wp:term":[{"taxonomy":"category","embeddable":true,"href":"https:\/\/laurbedigital.com.ar\/noticias\/wp-json\/wp\/v2\/categories?post=55022"},{"taxonomy":"post_tag","embeddable":true,"href":"https:\/\/laurbedigital.com.ar\/noticias\/wp-json\/wp\/v2\/tags?post=55022"}],"curies":[{"name":"wp","href":"https:\/\/api.w.org\/{rel}","templated":true}]}}