{"id":54692,"date":"2021-06-05T13:16:44","date_gmt":"2021-06-05T16:16:44","guid":{"rendered":"https:\/\/laurbedigital.com.ar\/noticias\/?p=54692"},"modified":"2021-06-05T13:16:44","modified_gmt":"2021-06-05T16:16:44","slug":"en-el-dia-del-medio-ambiente-el-municipio-presento-un-mural-de-arte-sustentable","status":"publish","type":"post","link":"https:\/\/laurbedigital.com.ar\/noticias\/2021\/06\/05\/en-el-dia-del-medio-ambiente-el-municipio-presento-un-mural-de-arte-sustentable\/","title":{"rendered":"En el D\u00eda del Medio ambiente, el Municipio present\u00f3 un mural de arte sustentable"},"content":{"rendered":"<div dir=\"ltr\"><\/div>\n<h5 dir=\"ltr\">El Municipio de Almirante Brown, a trav\u00e9s de la Secretar\u00eda de Pol\u00edtica Ambiental y H\u00e1bitat y el Instituto de las Culturas Brown, present\u00f3 un mural de arte sustentable en el edificio de la Agencia de Pol\u00edtica Ambiental, en el marco del D\u00eda Internacional del Medio Ambiente y en el inicio del Mes del Ambiente.<\/h5>\n<div dir=\"ltr\">La iniciativa, creada en la fachada del establecimiento ubicado en el cruce de Rosales y Cerretti por los artistas locales Luciano Mogni y Florencia Di Nardo, est\u00e1 compuesta por una intervenci\u00f3n de residuos pl\u00e1sticos recuperados por el proyecto DescartArte. Se enmarca en el programa ambiental \u00abBrown Verde\u00bb<\/p>\n<p>Desde la gesti\u00f3n del intendente Mariano Cascallares precisaron que el objetivo del mural, titulado \u201cTransformaci\u00f3n\u201d, es visibilizar la relaci\u00f3n humana con el pl\u00e1stico, no s\u00f3lo en t\u00e9rminos materiales, sino poner de manifiesto de manera art\u00edstica la relaci\u00f3n de uso y abuso con los pl\u00e1sticos descartables.<\/p>\n<p><img loading=\"lazy\" decoding=\"async\" class=\"alignnone size-full wp-image-54695\" src=\"https:\/\/laurbedigital.com.ar\/noticias\/wp-content\/uploads\/2021\/06\/20210605-Brown-ambiente-mural-2.jpg\" alt=\"\" width=\"768\" height=\"428\" title=\"\" srcset=\"https:\/\/laurbedigital.com.ar\/noticias\/wp-content\/uploads\/2021\/06\/20210605-Brown-ambiente-mural-2.jpg 768w, https:\/\/laurbedigital.com.ar\/noticias\/wp-content\/uploads\/2021\/06\/20210605-Brown-ambiente-mural-2-300x167.jpg 300w\" sizes=\"auto, (max-width: 768px) 100vw, 768px\" \/><\/p>\n<p>En este sentido, el mural refleja las etapas del ciclo de vida de una de las mariposas m\u00e1s comunes de nuestro distrito: la mariposa monarca del sur (Danaus erippus), una especie aut\u00f3ctona que habita en pastizales, arbustales, matorrales, bordes de bosques, parques y hasta en jardines urbanos.<\/p><\/div>\n<div dir=\"ltr\">\nEn esta l\u00ednea, para que la mariposa pueda realizar su ciclo de vida, comprendido por las etapas de huevo, larva y adulto, necesita de plantas nutricidas u hospedadoras como la Asclepias Mellodora, tambi\u00e9n reflejada en el mural, cuyos relieves est\u00e1n ensamblados con piezas pl\u00e1sticas.<\/p>\n<p>De esta manera cada secci\u00f3n del mural busca retratar estas etapas y poner de manifiesto la importancia de cuidar el ambiente, tanto desde la preservaci\u00f3n de los ambientes naturales y la incorporaci\u00f3n de especies nativas asociadas a la fauna local, como desde la necesidad de generar conciencia sobre la relaci\u00f3n humana con el pl\u00e1stico.<\/p>\n<p><img loading=\"lazy\" decoding=\"async\" class=\"alignnone size-full wp-image-54693\" src=\"https:\/\/laurbedigital.com.ar\/noticias\/wp-content\/uploads\/2021\/06\/20210605-Brown-ambiente-mural.jpg\" alt=\"\" width=\"768\" height=\"428\" title=\"\" srcset=\"https:\/\/laurbedigital.com.ar\/noticias\/wp-content\/uploads\/2021\/06\/20210605-Brown-ambiente-mural.jpg 768w, https:\/\/laurbedigital.com.ar\/noticias\/wp-content\/uploads\/2021\/06\/20210605-Brown-ambiente-mural-300x167.jpg 300w\" sizes=\"auto, (max-width: 768px) 100vw, 768px\" \/><\/p>\n<p>Esta actividad forma parte de una variada y nutrida agenda dispuesta por el Mes del Ambiente en Almirante Brown, con el objetivo de promover actividades para reflejar el trabajo que se lleva adelante en el territorio, a trav\u00e9s del programa \u201cBrown Verde\u201d, y tambi\u00e9n brindar asesoramiento e informaci\u00f3n de calidad sobre temas socio ambientales.<\/p>\n<p>Cabe mencionar que la Secretar\u00eda de Pol\u00edtica Ambiental y H\u00e1bitat local, mediante el programa \u201cBrown Verde\u201d realiza una serie de medidas destinadas al cuidado del medioambiente como la disposici\u00f3n de estaciones de reciclado en todo el distrito, cestos soterrados para depositar vidrio, pl\u00e1stico, papel y cart\u00f3n y tambi\u00e9n la recolecci\u00f3n diferenciada de Residuos de Aparatos El\u00e9ctricos y Electr\u00f3nicos (RAEE), entre otras iniciativas.<\/p><\/div>\n<div dir=\"ltr\"><\/div>\n<div dir=\"ltr\"><\/div>\n","protected":false},"excerpt":{"rendered":"<p>El Municipio de Almirante Brown, a trav\u00e9s de la Secretar\u00eda de Pol\u00edtica Ambiental y H\u00e1bitat y el Instituto de las<\/p>\n","protected":false},"author":1,"featured_media":54694,"comment_status":"closed","ping_status":"closed","sticky":false,"template":"","format":"standard","meta":{"kia_subtitle":"","footnotes":"","jetpack_publicize_message":"","jetpack_publicize_feature_enabled":true,"jetpack_social_post_already_shared":true,"jetpack_social_options":{"image_generator_settings":{"template":"highway","default_image_id":0,"font":"","enabled":false},"version":2}},"categories":[2,33],"tags":[],"class_list":["post-54692","post","type-post","status-publish","format-standard","has-post-thumbnail","hentry","category-alte-brown","category-alte-brown-alte-brown"],"jetpack_publicize_connections":[],"jetpack_featured_media_url":"https:\/\/laurbedigital.com.ar\/noticias\/wp-content\/uploads\/2021\/06\/20210605-Brown-ambiente-mural-1.jpg","_links":{"self":[{"href":"https:\/\/laurbedigital.com.ar\/noticias\/wp-json\/wp\/v2\/posts\/54692","targetHints":{"allow":["GET"]}}],"collection":[{"href":"https:\/\/laurbedigital.com.ar\/noticias\/wp-json\/wp\/v2\/posts"}],"about":[{"href":"https:\/\/laurbedigital.com.ar\/noticias\/wp-json\/wp\/v2\/types\/post"}],"author":[{"embeddable":true,"href":"https:\/\/laurbedigital.com.ar\/noticias\/wp-json\/wp\/v2\/users\/1"}],"replies":[{"embeddable":true,"href":"https:\/\/laurbedigital.com.ar\/noticias\/wp-json\/wp\/v2\/comments?post=54692"}],"version-history":[{"count":2,"href":"https:\/\/laurbedigital.com.ar\/noticias\/wp-json\/wp\/v2\/posts\/54692\/revisions"}],"predecessor-version":[{"id":54697,"href":"https:\/\/laurbedigital.com.ar\/noticias\/wp-json\/wp\/v2\/posts\/54692\/revisions\/54697"}],"wp:featuredmedia":[{"embeddable":true,"href":"https:\/\/laurbedigital.com.ar\/noticias\/wp-json\/wp\/v2\/media\/54694"}],"wp:attachment":[{"href":"https:\/\/laurbedigital.com.ar\/noticias\/wp-json\/wp\/v2\/media?parent=54692"}],"wp:term":[{"taxonomy":"category","embeddable":true,"href":"https:\/\/laurbedigital.com.ar\/noticias\/wp-json\/wp\/v2\/categories?post=54692"},{"taxonomy":"post_tag","embeddable":true,"href":"https:\/\/laurbedigital.com.ar\/noticias\/wp-json\/wp\/v2\/tags?post=54692"}],"curies":[{"name":"wp","href":"https:\/\/api.w.org\/{rel}","templated":true}]}}