{"id":54684,"date":"2021-06-05T12:19:36","date_gmt":"2021-06-05T15:19:36","guid":{"rendered":"https:\/\/laurbedigital.com.ar\/noticias\/?p=54684"},"modified":"2021-06-05T12:19:36","modified_gmt":"2021-06-05T15:19:36","slug":"como-y-con-que-frecuencia-higienizar-el-barbijo","status":"publish","type":"post","link":"https:\/\/laurbedigital.com.ar\/noticias\/2021\/06\/05\/como-y-con-que-frecuencia-higienizar-el-barbijo\/","title":{"rendered":"Como y con qu\u00e9 frecuencia higienizar el barbijo"},"content":{"rendered":"<p>&nbsp;<\/p>\n<h5 class=\"font-400\">Seg\u00fan estad\u00edsticas que arroj\u00f3 este a\u00f1o de pandemia, hay al menos cinco problemas de salud que puede ocasionar un cubrebocas sucio, adem\u00e1s del contagio de coronavirus.<\/h5>\n<p>La principal contraindicaci\u00f3n de un barbijo sucio o usado por m\u00e1s tiempo del recomendado, es que pierde efectividad frente el coronavirus. Pero hay\u00a0otras sintomatolog\u00edas que tambi\u00e9n tienen su origen en un manejo poco higi\u00e9nico.<\/p>\n<p>Consultado por los medios, el m\u00e9dico vocero de la Sociedad Argentina de Infectolog\u00eda, Daniel Pryluka, explic\u00f3 que \u201c<em>los barbijos m\u00e9dicos quir\u00fargicos se pueden usar de 4 a 6 horas de manera continua y despu\u00e9s se descartan\u201d.<\/em><\/p>\n<p>Y respecto a la utilizaci\u00f3n de barbijos dobles, manifest\u00f3:<em> \u201cNo hay estudios que digan que la utilizaci\u00f3n de un doble barbijo sea m\u00e1s efectivo que uno simple\u201d.<\/em>\u00a0Sin embargo, el experto asegur\u00f3 que el personal de salud utiliza doble barbijo en establecimientos m\u00e9dicos para proteger a los N95.<\/p>\n<p>As\u00ed, lo principal es saber que los barbijos de probada calidad son m\u00e1s efectivos para la protecci\u00f3n y que mantenerlos limpios es esencial para evitar la propagaci\u00f3n del virus.<\/p>\n<p>Si se utiliza un lavarropa, el CDC recomienda un jab\u00f3n regular y<em> \u201cel ajuste de agua m\u00e1s caliente\u201d. glp<\/em><\/p>\n","protected":false},"excerpt":{"rendered":"<p>&nbsp; Seg\u00fan estad\u00edsticas que arroj\u00f3 este a\u00f1o de pandemia, hay al menos cinco problemas de salud que puede ocasionar un<\/p>\n","protected":false},"author":1,"featured_media":54685,"comment_status":"closed","ping_status":"closed","sticky":false,"template":"","format":"standard","meta":{"kia_subtitle":"","footnotes":"","jetpack_publicize_message":"","jetpack_publicize_feature_enabled":true,"jetpack_social_post_already_shared":true,"jetpack_social_options":{"image_generator_settings":{"template":"highway","default_image_id":0,"font":"","enabled":false},"version":2}},"categories":[15,70],"tags":[],"class_list":["post-54684","post","type-post","status-publish","format-standard","has-post-thumbnail","hentry","category-tendencias","category-salud"],"jetpack_publicize_connections":[],"jetpack_featured_media_url":"https:\/\/laurbedigital.com.ar\/noticias\/wp-content\/uploads\/2021\/06\/20210605-barbijo.jpg","_links":{"self":[{"href":"https:\/\/laurbedigital.com.ar\/noticias\/wp-json\/wp\/v2\/posts\/54684","targetHints":{"allow":["GET"]}}],"collection":[{"href":"https:\/\/laurbedigital.com.ar\/noticias\/wp-json\/wp\/v2\/posts"}],"about":[{"href":"https:\/\/laurbedigital.com.ar\/noticias\/wp-json\/wp\/v2\/types\/post"}],"author":[{"embeddable":true,"href":"https:\/\/laurbedigital.com.ar\/noticias\/wp-json\/wp\/v2\/users\/1"}],"replies":[{"embeddable":true,"href":"https:\/\/laurbedigital.com.ar\/noticias\/wp-json\/wp\/v2\/comments?post=54684"}],"version-history":[{"count":2,"href":"https:\/\/laurbedigital.com.ar\/noticias\/wp-json\/wp\/v2\/posts\/54684\/revisions"}],"predecessor-version":[{"id":54687,"href":"https:\/\/laurbedigital.com.ar\/noticias\/wp-json\/wp\/v2\/posts\/54684\/revisions\/54687"}],"wp:featuredmedia":[{"embeddable":true,"href":"https:\/\/laurbedigital.com.ar\/noticias\/wp-json\/wp\/v2\/media\/54685"}],"wp:attachment":[{"href":"https:\/\/laurbedigital.com.ar\/noticias\/wp-json\/wp\/v2\/media?parent=54684"}],"wp:term":[{"taxonomy":"category","embeddable":true,"href":"https:\/\/laurbedigital.com.ar\/noticias\/wp-json\/wp\/v2\/categories?post=54684"},{"taxonomy":"post_tag","embeddable":true,"href":"https:\/\/laurbedigital.com.ar\/noticias\/wp-json\/wp\/v2\/tags?post=54684"}],"curies":[{"name":"wp","href":"https:\/\/api.w.org\/{rel}","templated":true}]}}