{"id":54680,"date":"2021-06-05T12:05:57","date_gmt":"2021-06-05T15:05:57","guid":{"rendered":"https:\/\/laurbedigital.com.ar\/noticias\/?p=54680"},"modified":"2021-06-05T12:05:57","modified_gmt":"2021-06-05T15:05:57","slug":"aguinaldo-cuando-se-cobra-como-se-calcula-y-quienes-lo-reciben","status":"publish","type":"post","link":"https:\/\/laurbedigital.com.ar\/noticias\/2021\/06\/05\/aguinaldo-cuando-se-cobra-como-se-calcula-y-quienes-lo-reciben\/","title":{"rendered":"Aguinaldo: cu\u00e1ndo se cobra, c\u00f3mo se calcula y qui\u00e9nes lo reciben"},"content":{"rendered":"<p>&nbsp;<\/p>\n<h5>En junio se pagar\u00e1 el primer pago del sueldo anual complementario (SAC) y a pocos d\u00edas de la fecha te contamos qui\u00e9nes se beneficiar\u00e1n y c\u00f3mo saber cu\u00e1nto corresponde percibir.<\/h5>\n<p>Junio trae consigo una buena noticia para los trabajadores en relaci\u00f3n de dependencia ya que en\u00a0<b>este mes recibir\u00e1n el primer pago del sueldo anual complementario (SAC), m\u00e1s conocido como aguinaldo<\/b>.\u00a0A continuaci\u00f3n, enterate todo lo que ten\u00e9s que saber sobre\u00a0cu\u00e1ndo se cobra, qui\u00e9nes lo recibir\u00e1n y c\u00f3mo se calcula el monto.<\/p>\n<p><strong>\u00bfCu\u00e1ndo se cobra el aguinaldo 2021?<\/strong><\/p>\n<p>El SAC se divide en dos pagos: un medio aguinaldo en junio y otro en diciembre.\u00a0<b>Cada medio aguinaldo corresponde al 50 por ciento de la mayor remuneraci\u00f3n mensual percibida por el trabajador dentro de cada uno de los dos semestres.<\/b><\/p>\n<p>Pero concretamente, seg\u00fan lo dispuesto por la Ley 27.073, quienes lo recibir\u00e1n lo ver\u00e1n reflejado en sus bolsillos, en lo que es la primera cuota<b>, la \u00faltima jornada laboral del mes de junio y la segunda cuota en la \u00faltima jornada laboral de diciembre.<\/p>\n<p><\/b><\/p>\n<p><strong>\u00bfC\u00f3mo se calcula el monto del aguinaldo?<\/strong><\/p>\n<p>Para calcularlo hay que hacer una cuenta muy sencilla:\u00a0<b>dividir el mejor salario del semestre por 12 y luego multiplicarlo por los meses trabajados hasta la fecha<\/b>\u00a0(si se trabaj\u00f3 todo el semestre, para saber cu\u00e1nto se cobrar\u00e1 en junio hay que multiplicarlo por 6).<\/p>\n<p><strong>Los pasos para calcular el aguinaldo:<\/strong><\/p>\n<p>1) Calcular la mitad del mejor sueldo.<\/p>\n<p>2) Dividir ese monto por seis.<\/p>\n<p>3) Multiplicar el resultado por los meses trabajados.<\/p>\n<p>&nbsp;<\/p>\n<p><strong>\u00bfCu\u00e1ntos meses se debe trabajar para cobrar el aguinaldo?<\/strong><\/p>\n<p>No es necesario trabajar durante un tiempo determinado para acceder al cobro ya que si durante el semestre (de enero a junio) una persona no trabaj\u00f3 todos los meses (ya sea porque comenz\u00f3 a trabajar recientemente o porque se extingui\u00f3 el contrato)<b>\u00a0deber\u00e1 cobrar el proporcional a los meses trabajados.<\/p>\n<p><\/b><\/p>\n<p><strong>\u00bfCobran el aguinaldo los beneficiarios por AUH y AUE?<\/strong><\/p>\n<p><b>A los beneficiarios de la Asignaci\u00f3n Universal por Hijo (AUH) y de la Asignaci\u00f3n por Embarazo (AUE) no les corresponde el cobro del aguinaldo<\/b>, ya que este se paga a trabajadores en relaci\u00f3n de dependencia o a quienes hayan realizado aportes en el pasado bajo ese concepto, tal como los jubilados. No obstante,<b>\u00a0quienes s\u00ed lo recibir\u00e1n son los titulares de Asignaciones Familiares por Hijo, pero no de parte de ANSES.<\/b><\/p>\n<p><b>\u00a0<\/b><\/p>\n<p><strong>C\u00f3mo calcular las horas extra y las licencias en el aguinaldo?<\/strong><\/p>\n<p><b>Cada trabajador o trabajadora deber\u00e1 tener en cuenta que las horas extra o las comisiones se deben sumar al monto del salario del mes en el que fueron abonadas con el fin de calcular la mayor remuneraci\u00f3n mensual obtenida<\/b>. Sin embargo, cabe remarcar que en caso de que los horarios de trabajo se viera modificado por un acuerdo y eso hiciera que el trabajador se desempe\u00f1e durante menos horas se debe evaluar de nuevo el mes con mayor ingreso sin considerar el tiempo de trabajo.<\/p>\n<p>Adem\u00e1s, para las mujeres,\u00a0<b>la licencia por maternidad no debe ser incluida como parte del aguinaldo ya que la trabajadora no percibe su salario, sino un subsidio familiar.\u00a0<\/b>Por eso solo hay que considerar \u00fanicamente los meses trabajados en el semestre antes o despu\u00e9s de la licencia.\u00a0<b>Lo mismo aplica a las licencias sin goce de sueldo, las cuales consideran para el c\u00e1lculo del aguinaldo \u00fanicamente los meses en los que se abon\u00f3 el salario.<\/p>\n<p><\/b><\/p>\n<p><strong>La nueva Ley del Impuesto a las Ganancias excluye el aguinaldo<\/strong><\/p>\n<p>El Gobierno nacional reglament\u00f3 un cambio en la Ley de Impuesto a las Ganancias para los trabajadores de la cuarta categor\u00eda, con lo cual<b>\u00a0cerca de 1.270.000 de trabajadores que cobran hasta $150.000 brutos ya no pagar\u00e1n el tributo, a la vez que el aguinaldo dejar\u00e1 de formar parte del c\u00e1lculo del gravamen.<\/b> tyc<\/p>\n<p><b>\u00a0<\/b><\/p>\n","protected":false},"excerpt":{"rendered":"<p>&nbsp; En junio se pagar\u00e1 el primer pago del sueldo anual complementario (SAC) y a pocos d\u00edas de la fecha<\/p>\n","protected":false},"author":1,"featured_media":54681,"comment_status":"closed","ping_status":"closed","sticky":false,"template":"","format":"standard","meta":{"kia_subtitle":"","footnotes":"","jetpack_publicize_message":"","jetpack_publicize_feature_enabled":true,"jetpack_social_post_already_shared":true,"jetpack_social_options":{"image_generator_settings":{"template":"highway","default_image_id":0,"font":"","enabled":false},"version":2}},"categories":[3],"tags":[],"class_list":["post-54680","post","type-post","status-publish","format-standard","has-post-thumbnail","hentry","category-actualidad"],"jetpack_publicize_connections":[],"jetpack_featured_media_url":"https:\/\/laurbedigital.com.ar\/noticias\/wp-content\/uploads\/2021\/06\/20210605-aguinaldo.jpg","_links":{"self":[{"href":"https:\/\/laurbedigital.com.ar\/noticias\/wp-json\/wp\/v2\/posts\/54680","targetHints":{"allow":["GET"]}}],"collection":[{"href":"https:\/\/laurbedigital.com.ar\/noticias\/wp-json\/wp\/v2\/posts"}],"about":[{"href":"https:\/\/laurbedigital.com.ar\/noticias\/wp-json\/wp\/v2\/types\/post"}],"author":[{"embeddable":true,"href":"https:\/\/laurbedigital.com.ar\/noticias\/wp-json\/wp\/v2\/users\/1"}],"replies":[{"embeddable":true,"href":"https:\/\/laurbedigital.com.ar\/noticias\/wp-json\/wp\/v2\/comments?post=54680"}],"version-history":[{"count":2,"href":"https:\/\/laurbedigital.com.ar\/noticias\/wp-json\/wp\/v2\/posts\/54680\/revisions"}],"predecessor-version":[{"id":54683,"href":"https:\/\/laurbedigital.com.ar\/noticias\/wp-json\/wp\/v2\/posts\/54680\/revisions\/54683"}],"wp:featuredmedia":[{"embeddable":true,"href":"https:\/\/laurbedigital.com.ar\/noticias\/wp-json\/wp\/v2\/media\/54681"}],"wp:attachment":[{"href":"https:\/\/laurbedigital.com.ar\/noticias\/wp-json\/wp\/v2\/media?parent=54680"}],"wp:term":[{"taxonomy":"category","embeddable":true,"href":"https:\/\/laurbedigital.com.ar\/noticias\/wp-json\/wp\/v2\/categories?post=54680"},{"taxonomy":"post_tag","embeddable":true,"href":"https:\/\/laurbedigital.com.ar\/noticias\/wp-json\/wp\/v2\/tags?post=54680"}],"curies":[{"name":"wp","href":"https:\/\/api.w.org\/{rel}","templated":true}]}}