{"id":54578,"date":"2021-06-04T12:51:57","date_gmt":"2021-06-04T15:51:57","guid":{"rendered":"https:\/\/laurbedigital.com.ar\/noticias\/?p=54578"},"modified":"2021-06-04T12:51:57","modified_gmt":"2021-06-04T15:51:57","slug":"cual-es-la-secuela-que-afecta-a-mas-del-50-de-los-argentinos-que-tuvieron-covid","status":"publish","type":"post","link":"https:\/\/laurbedigital.com.ar\/noticias\/2021\/06\/04\/cual-es-la-secuela-que-afecta-a-mas-del-50-de-los-argentinos-que-tuvieron-covid\/","title":{"rendered":"\u00bfCu\u00e1l es la secuela que afecta a m\u00e1s del 50% de los argentinos que tuvieron Covid?"},"content":{"rendered":"<p>&nbsp;<\/p>\n<h5 class=\"font-400\">La reciente investigaci\u00f3n realizada por el Observatorio de Psicolog\u00eda Social Aplicada de la UBA, revel\u00f3 datos alarmantes las secuelas y trastornos de salud mental, tras haber cursado el coronavirus.<\/h5>\n<p>Como es sabido, el coronavirus no solo causa estragos en la salud f\u00edsica sino tambi\u00e9n en la mental de los seres humanos. Un estudio realizado por el Observatorio de Psicolog\u00eda Social Aplicada de la Universidad de Buenos Aires (UBA), as\u00ed lo confirma.<\/p>\n<p>La reciente investigaci\u00f3n revel\u00f3 las secuelas y trastornos de salud mental, tras haber cursado la enfermedad. Seg\u00fan la encuesta, uno de cada cuatro (24%) padece s\u00edntomas de ansiedad, y <em>\u201cel 64,4% de los participantes report\u00f3 fallas cognitivas (entre leves, moderadas y severas)\u201d.<\/em><\/p>\n<p>M\u00e1s alarmante a\u00fan fue saber que, de los 750 pacientes recuperados que participaron del estudio, en el 56,7% se percibi\u00f3 una sintomatolog\u00eda compatible con depresi\u00f3n cl\u00ednica. Adem\u00e1s, el 46,3% de las personas consultadas respondieron<em> \u201cque su atenci\u00f3n empeor\u00f3\u201d<\/em> y poco m\u00e1s del 43% report\u00f3 que su memoria se deterior\u00f3 tras contraer coronavirus.<\/p>\n<p><em>\u201cLo que medimos nosotros fueron los niveles de ansiedad y depresi\u00f3n con riesgos suicidas a ra\u00edz de la pandemia\u201d,<\/em> dijo Mart\u00edn Etchevers, investigador del OPSA, sobre los participantes que residen en las principales ciudades del pa\u00eds.<\/p>\n<p>A ello, a\u00f1adi\u00f3:<em> \u201cLas personas que m\u00e1s sufren de estos problemas son las que atravesaron la enfermedad de peor manera y necesitaron asistencia respiratoria\u201d.<\/em><\/p>\n<p>Sin embargo, esta situaci\u00f3n no afect\u00f3 a todos los pacientes de la misma forma. <em>\u201cLa gente de menores recursos present\u00f3 mayores s\u00edntomas de depresi\u00f3n que la gente de alto poder adquisitivo\u201d,<\/em> detall\u00f3 el experto.<\/p>\n<p>&nbsp;<\/p>\n<p>&nbsp;<\/p>\n","protected":false},"excerpt":{"rendered":"<p>&nbsp; La reciente investigaci\u00f3n realizada por el Observatorio de Psicolog\u00eda Social Aplicada de la UBA, revel\u00f3 datos alarmantes las secuelas<\/p>\n","protected":false},"author":1,"featured_media":54579,"comment_status":"closed","ping_status":"closed","sticky":false,"template":"","format":"standard","meta":{"kia_subtitle":"","footnotes":"","jetpack_publicize_message":"","jetpack_publicize_feature_enabled":true,"jetpack_social_post_already_shared":true,"jetpack_social_options":{"image_generator_settings":{"template":"highway","default_image_id":0,"font":"","enabled":false},"version":2}},"categories":[15,70],"tags":[],"class_list":["post-54578","post","type-post","status-publish","format-standard","has-post-thumbnail","hentry","category-tendencias","category-salud"],"jetpack_publicize_connections":[],"jetpack_featured_media_url":"https:\/\/laurbedigital.com.ar\/noticias\/wp-content\/uploads\/2021\/06\/20210604-interes.jpg","_links":{"self":[{"href":"https:\/\/laurbedigital.com.ar\/noticias\/wp-json\/wp\/v2\/posts\/54578","targetHints":{"allow":["GET"]}}],"collection":[{"href":"https:\/\/laurbedigital.com.ar\/noticias\/wp-json\/wp\/v2\/posts"}],"about":[{"href":"https:\/\/laurbedigital.com.ar\/noticias\/wp-json\/wp\/v2\/types\/post"}],"author":[{"embeddable":true,"href":"https:\/\/laurbedigital.com.ar\/noticias\/wp-json\/wp\/v2\/users\/1"}],"replies":[{"embeddable":true,"href":"https:\/\/laurbedigital.com.ar\/noticias\/wp-json\/wp\/v2\/comments?post=54578"}],"version-history":[{"count":2,"href":"https:\/\/laurbedigital.com.ar\/noticias\/wp-json\/wp\/v2\/posts\/54578\/revisions"}],"predecessor-version":[{"id":54581,"href":"https:\/\/laurbedigital.com.ar\/noticias\/wp-json\/wp\/v2\/posts\/54578\/revisions\/54581"}],"wp:featuredmedia":[{"embeddable":true,"href":"https:\/\/laurbedigital.com.ar\/noticias\/wp-json\/wp\/v2\/media\/54579"}],"wp:attachment":[{"href":"https:\/\/laurbedigital.com.ar\/noticias\/wp-json\/wp\/v2\/media?parent=54578"}],"wp:term":[{"taxonomy":"category","embeddable":true,"href":"https:\/\/laurbedigital.com.ar\/noticias\/wp-json\/wp\/v2\/categories?post=54578"},{"taxonomy":"post_tag","embeddable":true,"href":"https:\/\/laurbedigital.com.ar\/noticias\/wp-json\/wp\/v2\/tags?post=54578"}],"curies":[{"name":"wp","href":"https:\/\/api.w.org\/{rel}","templated":true}]}}