{"id":54554,"date":"2021-06-04T11:31:25","date_gmt":"2021-06-04T14:31:25","guid":{"rendered":"https:\/\/laurbedigital.com.ar\/noticias\/?p=54554"},"modified":"2021-06-04T11:31:25","modified_gmt":"2021-06-04T14:31:25","slug":"vacunas-la-reunion-con-los-laboratorios-sera-publica-y-televisada","status":"publish","type":"post","link":"https:\/\/laurbedigital.com.ar\/noticias\/2021\/06\/04\/vacunas-la-reunion-con-los-laboratorios-sera-publica-y-televisada\/","title":{"rendered":"Vacunas: la reuni\u00f3n con los laboratorios ser\u00e1 p\u00fablica y televisada"},"content":{"rendered":"<p>&nbsp;<\/p>\n<header>\n<h5 class=\"detalle\">El presidente de Diputados, Sergio Massa, y las autoridades de JxC avanzaron en la agenda de trabajo de cara a la reuni\u00f3n con los representantes de laboratorios que producen vacunas.<\/h5>\n<div class=\"detalle\"><strong>El presidente de la C\u00e1mara de Diputados, Sergio Massa, y las autoridades de Juntos por el Cambio avanzaron en la agenda de trabajo de cara a la reuni\u00f3n del pr\u00f3ximo martes con los representantes de los laboratorios que producen vacunas contra el coronavirus,\u00a0<\/strong>y coincidieron en que la misma ser\u00e1 de car\u00e1cter p\u00fablico, reservada a un n\u00famero acotado de legisladores y televisada por el Canal institucional de ese cuerpo.<\/div>\n<\/header>\n<div>\n<p>En la reuni\u00f3n realizada este jueves entre el titular de la C\u00e1mara baja el radical Mario Negri (presidente del interbloque Juntos por el Cambio); Silvia Lospennato (PRO) y Juan L\u00f3pez (Coalici\u00f3n C\u00edvica), se dej\u00f3 en claro que\u00a0<strong>la reuni\u00f3n \u00abno ser\u00e1 cerrada y se trasmitir\u00e1 por DiputadosTV\u00bb<\/strong>, dijeron fuentes parlamentarias.<\/p>\n<p>Participantes del encuentro se\u00f1alaron que \u00abtodav\u00eda no est\u00e1 definido qui\u00e9nes asistir\u00e1n por los laboratorios\u00bb y que en el caso de las dos vacunas que son de producci\u00f3n estatal -la rusa Sputnik y la china Sinopharm- se analiza qui\u00e9n ser\u00e1 convocado\u00bb.<\/p>\n<p><strong>Tambi\u00e9n se evalu\u00f3 la posibilidad de que funcionarios del Ministerio de Salud, encabezados por su titular, Carla Vizzotti, puedan participar de la reuni\u00f3n, al t\u00e9rmino de las exposiciones de los directivos de los laboratorios.<\/strong><\/p>\n<p>De acuerdo con lo conversado, cada representante de los fabricantes de vacunas lo har\u00e1 por segmentos ante los diputados, sin la posibilidad de que se den cruces con otros pares o, eventualmente, en caso de que participen, con los funcionarios nacionales.<\/p>\n<p><strong>De la reuni\u00f3n, que se realizar\u00e1 desde las 10, participar\u00e1n en forma presencial Massa, los presidentes de los bloques y las autoridades de las comisiones de Legislaci\u00f3n General y de Salud.<\/strong>\u00a0El resto de los miembros de las comisiones podr\u00e1n conectarse remotamente.<\/p>\n<p>El presidente de la C\u00e1mara, con el respaldo de los principales bloques del cuerpo, decidi\u00f3 convocar este jueves a los representantes de los laboratorios que producen vacunas contra el coronavirus a una \u00abreuni\u00f3n informativa\u00bb para que expongan sobre \u00abel estado contractual vigente o en discusi\u00f3n\u00bb con el Estado argentino acerca de la provisi\u00f3n de dosis.<\/p>\n<p><strong>La convocatoria, emitida \u00abbajo apercibimiento de ley\u00bb, est\u00e1 contenida en una resoluci\u00f3n de la Presidencia de la C\u00e1mara de Diputados.<\/strong><\/p>\n<p>La resoluci\u00f3n se fund\u00f3 \u00aben la necesidad de establecer criterios comunes en cuanto al control y seguimiento de los contratos de provisi\u00f3n de vacunas contra la Covid-19\u00bb.<\/p>\n<p>La Presidencia de Diputados subray\u00f3 que est\u00e1 facultada por ley para \u00abcitar a los representantes de las empresas laboratorios que fueron parte de contratos en curso de ejecuci\u00f3n o que se encuentran bajo discusi\u00f3n en punto a la producci\u00f3n y provisi\u00f3n vacunas con el Estado nacional\u00bb.<\/p>\n<p><strong>\u00abResulta necesario dar intervenci\u00f3n a las autoridades de las respectivas comisiones permanentes de incumbencia, a los fines de la consideraci\u00f3n mencionada\u00bb,\u00a0<\/strong>a\u00f1aden los fundamentos de la resoluci\u00f3n.<\/p>\n<p>Entre los convocados se encuentran directivos de Pfizer, AstraZeneca, Sinopharm y del Instituto Gamaleya &#8211;productor de la vacuna Sputnik-, indicaron fuentes parlamentarias.<\/p>\n<p>&nbsp;<\/p>\n<\/div>\n","protected":false},"excerpt":{"rendered":"<p>&nbsp; El presidente de Diputados, Sergio Massa, y las autoridades de JxC avanzaron en la agenda de trabajo de cara<\/p>\n","protected":false},"author":1,"featured_media":54555,"comment_status":"closed","ping_status":"closed","sticky":false,"template":"","format":"standard","meta":{"kia_subtitle":"","footnotes":"","jetpack_publicize_message":"","jetpack_publicize_feature_enabled":true,"jetpack_social_post_already_shared":true,"jetpack_social_options":{"image_generator_settings":{"template":"highway","default_image_id":0,"font":"","enabled":false},"version":2}},"categories":[3],"tags":[],"class_list":["post-54554","post","type-post","status-publish","format-standard","has-post-thumbnail","hentry","category-actualidad"],"jetpack_publicize_connections":[],"jetpack_featured_media_url":"https:\/\/laurbedigital.com.ar\/noticias\/wp-content\/uploads\/2021\/06\/20210604-mASSA.jpg","_links":{"self":[{"href":"https:\/\/laurbedigital.com.ar\/noticias\/wp-json\/wp\/v2\/posts\/54554","targetHints":{"allow":["GET"]}}],"collection":[{"href":"https:\/\/laurbedigital.com.ar\/noticias\/wp-json\/wp\/v2\/posts"}],"about":[{"href":"https:\/\/laurbedigital.com.ar\/noticias\/wp-json\/wp\/v2\/types\/post"}],"author":[{"embeddable":true,"href":"https:\/\/laurbedigital.com.ar\/noticias\/wp-json\/wp\/v2\/users\/1"}],"replies":[{"embeddable":true,"href":"https:\/\/laurbedigital.com.ar\/noticias\/wp-json\/wp\/v2\/comments?post=54554"}],"version-history":[{"count":2,"href":"https:\/\/laurbedigital.com.ar\/noticias\/wp-json\/wp\/v2\/posts\/54554\/revisions"}],"predecessor-version":[{"id":54562,"href":"https:\/\/laurbedigital.com.ar\/noticias\/wp-json\/wp\/v2\/posts\/54554\/revisions\/54562"}],"wp:featuredmedia":[{"embeddable":true,"href":"https:\/\/laurbedigital.com.ar\/noticias\/wp-json\/wp\/v2\/media\/54555"}],"wp:attachment":[{"href":"https:\/\/laurbedigital.com.ar\/noticias\/wp-json\/wp\/v2\/media?parent=54554"}],"wp:term":[{"taxonomy":"category","embeddable":true,"href":"https:\/\/laurbedigital.com.ar\/noticias\/wp-json\/wp\/v2\/categories?post=54554"},{"taxonomy":"post_tag","embeddable":true,"href":"https:\/\/laurbedigital.com.ar\/noticias\/wp-json\/wp\/v2\/tags?post=54554"}],"curies":[{"name":"wp","href":"https:\/\/api.w.org\/{rel}","templated":true}]}}