{"id":54499,"date":"2021-06-03T13:12:13","date_gmt":"2021-06-03T16:12:13","guid":{"rendered":"https:\/\/laurbedigital.com.ar\/noticias\/?p=54499"},"modified":"2021-06-03T13:12:13","modified_gmt":"2021-06-03T16:12:13","slug":"se-adjudicaron-y-arrancan-las-obras-de-la-universidad-guillermo-brown","status":"publish","type":"post","link":"https:\/\/laurbedigital.com.ar\/noticias\/2021\/06\/03\/se-adjudicaron-y-arrancan-las-obras-de-la-universidad-guillermo-brown\/","title":{"rendered":"Se adjudicaron y arrancan las obras de la Universidad Guillermo Brown"},"content":{"rendered":"<p>&nbsp;<\/p>\n<h5>El intendente de Almirante Brown, Mariano Cascallares, y el secretario de Obras P\u00fablicas de la Naci\u00f3n, Mart\u00edn Gill, recorrieron el predio de la Quinta Rocca de Burzaco donde est\u00e1n por iniciarse las obras de puesta en valor del casco hist\u00f3rico y para la construcci\u00f3n del primer edificio de aulas para la Universidad Nacional Guillermo Brown (UNAB).<\/h5>\n<p>Junto al rector de la UNAB, Pablo Domenechini, y el vicerrector, Facundo Nejamkis, ultimaron detalles para avanzar en forma decidida con el proyecto que busca sumar infraestructura para la universidad p\u00fablica en nuestro distrito.<\/p>\n<p><img loading=\"lazy\" decoding=\"async\" class=\"alignnone size-full wp-image-54500\" src=\"https:\/\/laurbedigital.com.ar\/noticias\/wp-content\/uploads\/2021\/06\/20210603-Brown-UNAB.jpg\" alt=\"\" width=\"768\" height=\"428\" title=\"\" srcset=\"https:\/\/laurbedigital.com.ar\/noticias\/wp-content\/uploads\/2021\/06\/20210603-Brown-UNAB.jpg 768w, https:\/\/laurbedigital.com.ar\/noticias\/wp-content\/uploads\/2021\/06\/20210603-Brown-UNAB-300x167.jpg 300w\" sizes=\"auto, (max-width: 768px) 100vw, 768px\" \/><\/p>\n<p>Trascendi\u00f3 que ya se complet\u00f3 la etapa de licitaci\u00f3n y ya se adjudic\u00f3 la construcci\u00f3n de un m\u00f3dulo edilicio de 1941 metros cuadrados, preservando el patrimonio arb\u00f3reo de la Quinta Rocca.<\/p>\n<p>La obra mencionada tiene un plazo de ejecuci\u00f3n de 390 d\u00edas y contempla la creaci\u00f3n de 15 aulas para las cursadas distribuidas en dos planas en diferentes niveles.<\/p>\n<p>Tambi\u00e9n, en el mismo edificio universitario, se construir\u00e1n oficinas administrativas, salas de reuniones y n\u00facleos sanitarios junto a espacios para la cafeter\u00eda.<\/p>\n<p>Las obras se realizar\u00e1n respetando el patrimonio y la riqueza arb\u00f3rea y natural de la Quinta Rocca de Burzaco que constituye uno de los pulmones verdes de Almirante Brown.<\/p>\n<p><img loading=\"lazy\" decoding=\"async\" class=\"alignnone size-full wp-image-54502\" src=\"https:\/\/laurbedigital.com.ar\/noticias\/wp-content\/uploads\/2021\/06\/20210603-Brown-UNAB-2.jpg\" alt=\"\" width=\"768\" height=\"428\" title=\"\" srcset=\"https:\/\/laurbedigital.com.ar\/noticias\/wp-content\/uploads\/2021\/06\/20210603-Brown-UNAB-2.jpg 768w, https:\/\/laurbedigital.com.ar\/noticias\/wp-content\/uploads\/2021\/06\/20210603-Brown-UNAB-2-300x167.jpg 300w\" sizes=\"auto, (max-width: 768px) 100vw, 768px\" \/><\/p>\n<p>Mariano Cascallares destac\u00f3 especialmente el aporte y el apoyo del secretario de Pol\u00edticas Universitarias, Jaime Perczyk para que finalmente se haga realidad el proyecto.<\/p>\n<p>En dos etapas posteriores est\u00e1 previsto avanzar con la puesta en valor de la Casona de la Quinta Rocca y con la construcci\u00f3n de un segundo m\u00f3dulo edilicio.<\/p>\n<p><em>\u201cCon este proyecto de infraestructura universitaria seguimos trabajando muy fuerte junto a la UNAB y al Municipio de Almirante Brown en favor de la Educaci\u00f3n P\u00fablica\u201d, i<\/em>ndic\u00f3 Mart\u00edn Gill.<\/p>\n<p>Por su parte el intendente Mariano Cascallares destac\u00f3 <em>\u201cla decisi\u00f3n pol\u00edtica del presidente Alberto Fern\u00e1ndez y el acompa\u00f1amiento de los ministerios de Obras P\u00fablicas y de Educaci\u00f3n de la Naci\u00f3n para hacer posible este sue\u00f1o de todos los brownianos\u201d.\u00a0<\/em><\/p>\n<p>&nbsp;<\/p>\n<p>&nbsp;<\/p>\n","protected":false},"excerpt":{"rendered":"<p>&nbsp; El intendente de Almirante Brown, Mariano Cascallares, y el secretario de Obras P\u00fablicas de la Naci\u00f3n, Mart\u00edn Gill, recorrieron<\/p>\n","protected":false},"author":1,"featured_media":54501,"comment_status":"closed","ping_status":"closed","sticky":false,"template":"","format":"standard","meta":{"kia_subtitle":"","footnotes":"","jetpack_publicize_message":"","jetpack_publicize_feature_enabled":true,"jetpack_social_post_already_shared":true,"jetpack_social_options":{"image_generator_settings":{"template":"highway","default_image_id":0,"font":"","enabled":false},"version":2}},"categories":[2,33],"tags":[],"class_list":["post-54499","post","type-post","status-publish","format-standard","has-post-thumbnail","hentry","category-alte-brown","category-alte-brown-alte-brown"],"jetpack_publicize_connections":[],"jetpack_featured_media_url":"https:\/\/laurbedigital.com.ar\/noticias\/wp-content\/uploads\/2021\/06\/20210603-Brown-UNAB-1.jpg","_links":{"self":[{"href":"https:\/\/laurbedigital.com.ar\/noticias\/wp-json\/wp\/v2\/posts\/54499","targetHints":{"allow":["GET"]}}],"collection":[{"href":"https:\/\/laurbedigital.com.ar\/noticias\/wp-json\/wp\/v2\/posts"}],"about":[{"href":"https:\/\/laurbedigital.com.ar\/noticias\/wp-json\/wp\/v2\/types\/post"}],"author":[{"embeddable":true,"href":"https:\/\/laurbedigital.com.ar\/noticias\/wp-json\/wp\/v2\/users\/1"}],"replies":[{"embeddable":true,"href":"https:\/\/laurbedigital.com.ar\/noticias\/wp-json\/wp\/v2\/comments?post=54499"}],"version-history":[{"count":2,"href":"https:\/\/laurbedigital.com.ar\/noticias\/wp-json\/wp\/v2\/posts\/54499\/revisions"}],"predecessor-version":[{"id":54505,"href":"https:\/\/laurbedigital.com.ar\/noticias\/wp-json\/wp\/v2\/posts\/54499\/revisions\/54505"}],"wp:featuredmedia":[{"embeddable":true,"href":"https:\/\/laurbedigital.com.ar\/noticias\/wp-json\/wp\/v2\/media\/54501"}],"wp:attachment":[{"href":"https:\/\/laurbedigital.com.ar\/noticias\/wp-json\/wp\/v2\/media?parent=54499"}],"wp:term":[{"taxonomy":"category","embeddable":true,"href":"https:\/\/laurbedigital.com.ar\/noticias\/wp-json\/wp\/v2\/categories?post=54499"},{"taxonomy":"post_tag","embeddable":true,"href":"https:\/\/laurbedigital.com.ar\/noticias\/wp-json\/wp\/v2\/tags?post=54499"}],"curies":[{"name":"wp","href":"https:\/\/api.w.org\/{rel}","templated":true}]}}