{"id":54477,"date":"2021-06-03T11:15:45","date_gmt":"2021-06-03T14:15:45","guid":{"rendered":"https:\/\/laurbedigital.com.ar\/noticias\/?p=54477"},"modified":"2021-06-03T11:15:45","modified_gmt":"2021-06-03T14:15:45","slug":"prorrogan-hasta-el-31-de-agosto-el-cobro-de-las-prestaciones-por-desempleo","status":"publish","type":"post","link":"https:\/\/laurbedigital.com.ar\/noticias\/2021\/06\/03\/prorrogan-hasta-el-31-de-agosto-el-cobro-de-las-prestaciones-por-desempleo\/","title":{"rendered":"Prorrogan hasta el 31 de agosto el cobro de las prestaciones por desempleo"},"content":{"rendered":"<p>&nbsp;<\/p>\n<header>\n<h5 class=\"detalle\">El monto de las cuotas de pr\u00f3rroga ser\u00e1 equivalente al 70% de la prestaci\u00f3n original, seg\u00fan la Resoluci\u00f3n 576\/2021, publicada este jueves en el Bolet\u00edn Oficial.<\/h5>\n<div>\n<p><strong>El Ministerio de Trabajo prorrog\u00f3 este jueves hasta el 31 de agosto pr\u00f3ximo los vencimientos de la prestaciones por desempleo\u00a0<\/strong>se produzcan entre el 1\u00b0 de mayo y el 31 de julio.<\/p>\n<p><strong>El monto de las cuotas de pr\u00f3rroga ser\u00e1 equivalente al 70% de la prestaci\u00f3n original,\u00a0<\/strong>seg\u00fan la Resoluci\u00f3n 576\/2021, publicada este jueves en el Bolet\u00edn Oficial.<\/p>\n<p><em>\u00abProrr\u00f3gase hasta el 31 de agosto de 2021 los vencimientos de las prestaciones por desempleo de la Ley N\u00b0 24.013 y de la Ley N\u00b0 25.371 que se produzcan entre el 1\u00b0 de mayo de 2021 y el 31 de julio de 2021\u00bb,<\/em> puntualiz\u00f3 el texto oficial.<\/p>\n<p><strong>Se trata de la sexta pr\u00f3rroga consecutiva de este tipo de prestaciones desde que comenzaron las restricciones por la pandemia<\/strong>, en marzo del a\u00f1o pasado.<\/p>\n<p>Trabajo aclar\u00f3 que las cuotas de pr\u00f3rroga de las prestaciones por desempleo comprendidas por la nueva resoluci\u00f3n ser\u00e1n mensuales, sin poder aplicarse la modalidad de pago \u00fanico prevista en el art\u00edculo 127 de la Ley N\u00b0 24.013.<\/p>\n<p>Tambi\u00e9n, se\u00f1al\u00f3 que la ANSeS efectuar\u00e1 los cruces inform\u00e1ticos y dem\u00e1s controles a su cargo para la determinaci\u00f3n del derecho a las prestaciones por desempleo que resulten extendidas.<\/p>\n<p>Para justificar esta nueva pr\u00f3rroga, el Ministerio indic\u00f3 que<strong>\u00a0<em>\u00abla velocidad en el agravamiento de la situaci\u00f3n epidemiol\u00f3gica a escala internacional requiri\u00f3 la adopci\u00f3n de medidas inmediatas para hacer frente a la emergencia\u00bb.<\/em><\/strong><\/p>\n<p><em>\u00abEn ese contexto extraordinario y dado su impacto negativo en las oportunidades de acceso a nuevos empleos\u00bb,<\/em> se dispusieron sucesivas pr\u00f3rrogas de la prestaci\u00f3n por desempleo, de acuerdo con el texto oficial.<\/p>\n<p>Ahora, el Poder Ejecutivo sostuvo que \u00abpersistiendo las circunstancias y razones que motivaran el dictado de la Resoluci\u00f3n del Ministerio de Trabajo, Empleo y Seguridad Social N\u00b0 260\/2020 y de las Resoluciones de la Secretar\u00eda de Empleo N\u00b0 228\/2020, N\u00b0 432\/2020, N\u00b0 942\/2020 y N\u00b0 251\/2021, resulta pertinente prorrogar hasta el 31 de agosto de 2021, los vencimientos de las prestaciones por desempleo de la Ley N\u00b0 24.013 y de la Ley N\u00b0 25.371 que se produzcan entre el 1\u00b0 de mayo de 2021 y el 31 de julio de 2021\u00bb.<\/p>\n<p><strong>Esta nueva pr\u00f3rroga forma parte del paquete de medidas que lanz\u00f3 el Gobierno para mitigar el impacto econ\u00f3mico de la pandemia.<\/strong><\/p>\n<p>Otras decisiones vinculadas con el empleo se relacionan con la extensi\u00f3n por 30 d\u00edas del decreto que proh\u00edbe los despidos sin causa, y la pr\u00f3rroga hasta fin de a\u00f1o de la doble indemnizaci\u00f3n por cesant\u00edas.<\/p>\n<p>&nbsp;<\/p>\n<\/div>\n<\/header>\n","protected":false},"excerpt":{"rendered":"<p>&nbsp; El monto de las cuotas de pr\u00f3rroga ser\u00e1 equivalente al 70% de la prestaci\u00f3n original, seg\u00fan la Resoluci\u00f3n 576\/2021,<\/p>\n","protected":false},"author":1,"featured_media":54478,"comment_status":"closed","ping_status":"closed","sticky":false,"template":"","format":"standard","meta":{"kia_subtitle":"","footnotes":"","jetpack_publicize_message":"","jetpack_publicize_feature_enabled":true,"jetpack_social_post_already_shared":true,"jetpack_social_options":{"image_generator_settings":{"template":"highway","default_image_id":0,"font":"","enabled":false},"version":2}},"categories":[3,41],"tags":[],"class_list":["post-54477","post","type-post","status-publish","format-standard","has-post-thumbnail","hentry","category-actualidad","category-nacionales"],"jetpack_publicize_connections":[],"jetpack_featured_media_url":"https:\/\/laurbedigital.com.ar\/noticias\/wp-content\/uploads\/2021\/06\/20210603-Moroni.jpg","_links":{"self":[{"href":"https:\/\/laurbedigital.com.ar\/noticias\/wp-json\/wp\/v2\/posts\/54477","targetHints":{"allow":["GET"]}}],"collection":[{"href":"https:\/\/laurbedigital.com.ar\/noticias\/wp-json\/wp\/v2\/posts"}],"about":[{"href":"https:\/\/laurbedigital.com.ar\/noticias\/wp-json\/wp\/v2\/types\/post"}],"author":[{"embeddable":true,"href":"https:\/\/laurbedigital.com.ar\/noticias\/wp-json\/wp\/v2\/users\/1"}],"replies":[{"embeddable":true,"href":"https:\/\/laurbedigital.com.ar\/noticias\/wp-json\/wp\/v2\/comments?post=54477"}],"version-history":[{"count":2,"href":"https:\/\/laurbedigital.com.ar\/noticias\/wp-json\/wp\/v2\/posts\/54477\/revisions"}],"predecessor-version":[{"id":54480,"href":"https:\/\/laurbedigital.com.ar\/noticias\/wp-json\/wp\/v2\/posts\/54477\/revisions\/54480"}],"wp:featuredmedia":[{"embeddable":true,"href":"https:\/\/laurbedigital.com.ar\/noticias\/wp-json\/wp\/v2\/media\/54478"}],"wp:attachment":[{"href":"https:\/\/laurbedigital.com.ar\/noticias\/wp-json\/wp\/v2\/media?parent=54477"}],"wp:term":[{"taxonomy":"category","embeddable":true,"href":"https:\/\/laurbedigital.com.ar\/noticias\/wp-json\/wp\/v2\/categories?post=54477"},{"taxonomy":"post_tag","embeddable":true,"href":"https:\/\/laurbedigital.com.ar\/noticias\/wp-json\/wp\/v2\/tags?post=54477"}],"curies":[{"name":"wp","href":"https:\/\/api.w.org\/{rel}","templated":true}]}}