{"id":54362,"date":"2021-06-02T10:17:39","date_gmt":"2021-06-02T13:17:39","guid":{"rendered":"https:\/\/laurbedigital.com.ar\/noticias\/?p=54362"},"modified":"2021-06-02T10:17:39","modified_gmt":"2021-06-02T13:17:39","slug":"el-gobierno-relanza-un-programa-de-asistencia-para-el-sector-turistico","status":"publish","type":"post","link":"https:\/\/laurbedigital.com.ar\/noticias\/2021\/06\/02\/el-gobierno-relanza-un-programa-de-asistencia-para-el-sector-turistico\/","title":{"rendered":"El Gobierno relanza un programa de asistencia para el sector tur\u00edstico"},"content":{"rendered":"<p>&nbsp;<\/p>\n<h5>Se trata del Programa de Auxilio para Prestadores Tur\u00edsticos V destinado a empresas cuyas fuentes de ingreso fueron afectadas por las restricciones a ra\u00edz de la pandemia.<\/h5>\n<p><strong>El Gobierno relanz\u00f3 oficalmente un programa de apoyo econ\u00f3mico para empresas del sector tur\u00edstico,\u00a0<\/strong>cuyas fuentes de ingreso se hayan visto afectadas por las restricciones impuestas a ra\u00edz de la pandemia.<\/p>\n<p>Se trata del Programa de Auxilio para Prestadores Tur\u00edsticos V (APTUR V), en el \u00e1mbito de la Subsecretar\u00eda de Desarrollo Estrat\u00e9gico del Ministerio de Turismo y Deportes, seg\u00fan la Resoluci\u00f3n 177\/2021 publicada este mi\u00e9rcoles en el Bolet\u00edn Oficial.<\/p>\n<p>A trav\u00e9s de ese texto<strong>, el Poder Ejecutivo convoc\u00f3 a personas prestadoras de servicios tur\u00edsticos alcanzados por el beneficio previsto en esta medida, por el plazo de 5 d\u00edas corridos contados a partir de este mi\u00e9rcoles, para que puedan presentar las solicitudes de apoyo econ\u00f3mico.<\/strong><\/p>\n<p>Seg\u00fan lo dispuesto,\u00a0<strong>no podr\u00e1n acceder al programa aquellas personas que trabajen en relaci\u00f3n de dependencia bajo cualquier modalidad,<\/strong>\u00a0tanto en el sector p\u00fablico como en el privado.<\/p>\n<p><strong>Tampoco podr\u00e1n hacerlo quienes tengan tres o m\u00e1s empleados a su cargo y quienes adeuden contraprestaciones<\/strong>\u00a0por cualquier tipo de asistencia que hayan recibido del Ministerio de Turismo, o que posean cuentas pendientes de rendici\u00f3n.<\/p>\n<p>Los postulantes deber\u00e1n firmar una declaraci\u00f3n jurada asegurando que no se encuentran alcanzados por ninguna de las restricciones mencionadas, aclar\u00f3 el Ministerio.<\/p>\n<p><strong>El lanzamiento de este programa se vincula con que la merma de la actividad a ra\u00edz de la pandemia <em>\u00abafect\u00f3 de manera inmediata y aguda a todo el sector tur\u00edstico, pero particularmente y con mayor crudeza a las personas con peque\u00f1os emprendimientos vinculados al turismo\u00bb,<\/em><\/strong>\u00a0de acuerdo con la Resoluci\u00f3n.<\/p>\n<p>Atento a ello, el Gobierno record\u00f3 que fue creado el Programa de Auxilio para Prestadores Tur\u00edsticos (APTUR) mediante la Resoluci\u00f3n N\u00b0 262 del 16 de junio de 2020, a trav\u00e9s del cual se pudo llegar a m\u00e1s de 3.500 personas solicitantes del beneficio.<\/p>\n<p>Posteriormente y a fin de extender el alcance, fueron creados el APTUR III (en agosto de 2020) y el APTUR IV (en febrero de 2021) que alcanzaron a otras 5.800 personas.<\/p>\n<p>Ahora, el Ministerio de Turismo resalt\u00f3 que<strong>\u00a0<em>\u00aben atenci\u00f3n a continuar la situaci\u00f3n epidemiol\u00f3gica ocasionada por el coronavirus, con sus consecuencias directas sobre la recuperaci\u00f3n del sector tur\u00edstico, es intenci\u00f3n continuar con el auxilio a personas prestadoras de servicios tur\u00edsticos\u00a0<\/em><\/strong><em>cuyas fuentes de ingresos se hayan visto afectadas, mediante la creaci\u00f3n de un nuevo programa denominado APTUR V, que incorpora algunas modificaciones recogidas de las experiencias obtenidas en las anteriores ediciones del Programa de Auxilio para Prestadores Tur\u00edsticos\u00bb.<\/em><\/p>\n<p>Esta actividad es una de las m\u00e1s afectadas por las restricciones y el Gobierno decidi\u00f3 continuar con la asistencia econ\u00f3mica para trabajadores de agencias de viajes y de servicios de transporte de pasajeros destinados al turismo.<\/p>\n<p>La ca\u00edda de la actividad afect\u00f3 a todo el sector, pero en particular a los emprendimientos m\u00e1s peque\u00f1os.<\/p>\n<p>&nbsp;<\/p>\n","protected":false},"excerpt":{"rendered":"<p>&nbsp; Se trata del Programa de Auxilio para Prestadores Tur\u00edsticos V destinado a empresas cuyas fuentes de ingreso fueron afectadas<\/p>\n","protected":false},"author":1,"featured_media":54363,"comment_status":"closed","ping_status":"closed","sticky":false,"template":"","format":"standard","meta":{"kia_subtitle":"","footnotes":"","jetpack_publicize_message":"","jetpack_publicize_feature_enabled":true,"jetpack_social_post_already_shared":true,"jetpack_social_options":{"image_generator_settings":{"template":"highway","default_image_id":0,"font":"","enabled":false},"version":2}},"categories":[3,41],"tags":[],"class_list":["post-54362","post","type-post","status-publish","format-standard","has-post-thumbnail","hentry","category-actualidad","category-nacionales"],"jetpack_publicize_connections":[],"jetpack_featured_media_url":"https:\/\/laurbedigital.com.ar\/noticias\/wp-content\/uploads\/2021\/06\/20210601-Turismo.jpg","_links":{"self":[{"href":"https:\/\/laurbedigital.com.ar\/noticias\/wp-json\/wp\/v2\/posts\/54362","targetHints":{"allow":["GET"]}}],"collection":[{"href":"https:\/\/laurbedigital.com.ar\/noticias\/wp-json\/wp\/v2\/posts"}],"about":[{"href":"https:\/\/laurbedigital.com.ar\/noticias\/wp-json\/wp\/v2\/types\/post"}],"author":[{"embeddable":true,"href":"https:\/\/laurbedigital.com.ar\/noticias\/wp-json\/wp\/v2\/users\/1"}],"replies":[{"embeddable":true,"href":"https:\/\/laurbedigital.com.ar\/noticias\/wp-json\/wp\/v2\/comments?post=54362"}],"version-history":[{"count":2,"href":"https:\/\/laurbedigital.com.ar\/noticias\/wp-json\/wp\/v2\/posts\/54362\/revisions"}],"predecessor-version":[{"id":54365,"href":"https:\/\/laurbedigital.com.ar\/noticias\/wp-json\/wp\/v2\/posts\/54362\/revisions\/54365"}],"wp:featuredmedia":[{"embeddable":true,"href":"https:\/\/laurbedigital.com.ar\/noticias\/wp-json\/wp\/v2\/media\/54363"}],"wp:attachment":[{"href":"https:\/\/laurbedigital.com.ar\/noticias\/wp-json\/wp\/v2\/media?parent=54362"}],"wp:term":[{"taxonomy":"category","embeddable":true,"href":"https:\/\/laurbedigital.com.ar\/noticias\/wp-json\/wp\/v2\/categories?post=54362"},{"taxonomy":"post_tag","embeddable":true,"href":"https:\/\/laurbedigital.com.ar\/noticias\/wp-json\/wp\/v2\/tags?post=54362"}],"curies":[{"name":"wp","href":"https:\/\/api.w.org\/{rel}","templated":true}]}}