{"id":53696,"date":"2021-05-25T10:57:02","date_gmt":"2021-05-25T13:57:02","guid":{"rendered":"https:\/\/laurbedigital.com.ar\/noticias\/?p=53696"},"modified":"2021-05-25T10:57:02","modified_gmt":"2021-05-25T13:57:02","slug":"netflix-se-quedo-con-el-documental-de-martha-stewart-que-dirigira-rj-cutler","status":"publish","type":"post","link":"https:\/\/laurbedigital.com.ar\/noticias\/2021\/05\/25\/netflix-se-quedo-con-el-documental-de-martha-stewart-que-dirigira-rj-cutler\/","title":{"rendered":"Netflix se qued\u00f3 con el documental de Martha Stewart que dirigir\u00e1 RJ Cutler"},"content":{"rendered":"<p>&nbsp;<\/p>\n<h5>Un documental de la vida y trayectoria de la conductora de tev\u00e9 y empresaria norteamericana Martha Stewart, que dirigir\u00e1 el nominado al Oscar, RJ Cutler, formar\u00e1 parte de los contenidos de la plataforma Netflix, inform\u00f3 la prensa especializada.<\/h5>\n<p>Si bien todav\u00eda se desconocen los detalles del filme, el sitio estadounidense Variety adelant\u00f3 que el filme seguir\u00e1 la vida de Stewart desde sus d\u00edas en Jersey City como ni\u00f1era, a su camino como modelo adolescente hasta convertirse en referente en los medios.<\/p>\n<p>Tambi\u00e9n abarcar\u00e1 el crecimiento masivo de su imperio Martha Stewart Living Omnimedia y su per\u00edodo en prisi\u00f3n en 2004 por tr\u00e1fico de informaci\u00f3n privilegiada.<\/p>\n<p>Los cr\u00e9ditos de Cutler, que tambi\u00e9n ser\u00e1 productor del filme junto a Trevor Smith, Jane Cha Cutler y Alina Cho, incluyen los documentales \u00abThe war room\u00bb (sobre la campa\u00f1a presidencial de Bill Clinton en 1992, nominada a los Oscar como mejor Largometraje documental), \u00abA perfect candidate\u00bb y la serie \u00abNashville\u00bb, entre otros.<\/p>\n<p>Recientemente dirigi\u00f3 la pel\u00edcula \u00abBelushi\u00bb (que recorre la vida del comediante John Belushi) y \u00abBillie Eilish: el mundo es un poco borroso\u00bb (sobre la trayectoria de la cantante norteamericana) para Apple TV Plus.<\/p>\n","protected":false},"excerpt":{"rendered":"<p>&nbsp; Un documental de la vida y trayectoria de la conductora de tev\u00e9 y empresaria norteamericana Martha Stewart, que dirigir\u00e1<\/p>\n","protected":false},"author":1,"featured_media":53697,"comment_status":"closed","ping_status":"closed","sticky":false,"template":"","format":"standard","meta":{"kia_subtitle":"","footnotes":"","jetpack_publicize_message":"","jetpack_publicize_feature_enabled":true,"jetpack_social_post_already_shared":true,"jetpack_social_options":{"image_generator_settings":{"template":"highway","default_image_id":0,"font":"","enabled":false},"version":2}},"categories":[68],"tags":[],"class_list":["post-53696","post","type-post","status-publish","format-standard","has-post-thumbnail","hentry","category-cine-y-series"],"jetpack_publicize_connections":[],"jetpack_featured_media_url":"https:\/\/laurbedigital.com.ar\/noticias\/wp-content\/uploads\/2021\/05\/202100525-Martha-Stewart.jpg","_links":{"self":[{"href":"https:\/\/laurbedigital.com.ar\/noticias\/wp-json\/wp\/v2\/posts\/53696","targetHints":{"allow":["GET"]}}],"collection":[{"href":"https:\/\/laurbedigital.com.ar\/noticias\/wp-json\/wp\/v2\/posts"}],"about":[{"href":"https:\/\/laurbedigital.com.ar\/noticias\/wp-json\/wp\/v2\/types\/post"}],"author":[{"embeddable":true,"href":"https:\/\/laurbedigital.com.ar\/noticias\/wp-json\/wp\/v2\/users\/1"}],"replies":[{"embeddable":true,"href":"https:\/\/laurbedigital.com.ar\/noticias\/wp-json\/wp\/v2\/comments?post=53696"}],"version-history":[{"count":2,"href":"https:\/\/laurbedigital.com.ar\/noticias\/wp-json\/wp\/v2\/posts\/53696\/revisions"}],"predecessor-version":[{"id":53699,"href":"https:\/\/laurbedigital.com.ar\/noticias\/wp-json\/wp\/v2\/posts\/53696\/revisions\/53699"}],"wp:featuredmedia":[{"embeddable":true,"href":"https:\/\/laurbedigital.com.ar\/noticias\/wp-json\/wp\/v2\/media\/53697"}],"wp:attachment":[{"href":"https:\/\/laurbedigital.com.ar\/noticias\/wp-json\/wp\/v2\/media?parent=53696"}],"wp:term":[{"taxonomy":"category","embeddable":true,"href":"https:\/\/laurbedigital.com.ar\/noticias\/wp-json\/wp\/v2\/categories?post=53696"},{"taxonomy":"post_tag","embeddable":true,"href":"https:\/\/laurbedigital.com.ar\/noticias\/wp-json\/wp\/v2\/tags?post=53696"}],"curies":[{"name":"wp","href":"https:\/\/api.w.org\/{rel}","templated":true}]}}