{"id":53623,"date":"2021-05-24T15:20:38","date_gmt":"2021-05-24T18:20:38","guid":{"rendered":"https:\/\/laurbedigital.com.ar\/noticias\/?p=53623"},"modified":"2021-05-24T15:21:07","modified_gmt":"2021-05-24T18:21:07","slug":"hospitales-de-la-mitad-del-pais-tienen-una-ocupacion-mayor-al-90-en-sus-terapias","status":"publish","type":"post","link":"https:\/\/laurbedigital.com.ar\/noticias\/2021\/05\/24\/hospitales-de-la-mitad-del-pais-tienen-una-ocupacion-mayor-al-90-en-sus-terapias\/","title":{"rendered":"Hospitales de la mitad del pa\u00eds tienen una ocupaci\u00f3n mayor al 90% en sus terapias"},"content":{"rendered":"<p>&nbsp;<\/p>\n<h5>El dato surge de un sondeo realizado por la Sociedad Argentina de Terapia Intensiva que determin\u00f3 que la situaci\u00f3n afecta<br \/>\na las provincias de Chubut, La Pampa, Mendoza, Buenos Aires, Santa Fe, C\u00f3rdoba, Corrientes, La Rioja, Santiago del Estero y Tucum\u00e1n y San Juan\u00a0 y la Ciudad de Buenos Aires.<\/h5>\n<p><strong>Hospitales p\u00fablicos y privados de 11 provincias y\u00a0de la Ciudad de Buenos Aires<\/strong><a href=\"https:\/\/www.telam.com.ar\/notas\/202105\/555302-terapia-hospital-fernandez-coronavirus.html\" target=\"_blank\" rel=\"noopener\">\u00a0<\/a>indicaron tener una ocupaci\u00f3n superior al 90% de las camas de las Unidades de Terapia Intensiva (UTI) en un relevamiento realizado por la Sociedad Argentina de Terapia Intensiva (SATI) el 21 de mayo.<\/p>\n<p>De la encuesta que realiza cada semana<strong>\u00a0la SATI participaron esta vez 186 UTIs<\/strong>\u00a0de distintas provincias que representan un 3.598 camas con un promedio de ocupaci\u00f3n del 90%, y con\u00a0<strong>6 de cada 10 pacientes internados con Covid-19,<\/strong>\u00a0de los cuales el 75% requiri\u00f3 Asistencia Respiratoria Mec\u00e1nica (ARM); el 10% C\u00e1nulas de Alto Flujo (CAFO), el 3% Ventilaci\u00f3n no invasiva (VNI), y el 1% el casco Helmet.<\/p>\n<p>La capacidad de expansi\u00f3n de camas promedio expresado ese d\u00eda fue del 11%.<\/p>\n<div class=\"auth\"><strong>Provincia por provincia<\/strong><\/div>\n<p>El informe destac\u00f3 que los centros de salud de las provincias de Chubut, La Pampa, Mendoza y San Juan manifestaron tener una ocupaci\u00f3n superior al 95% mientras que en la Ciudad de Buenos Aires\u00a0y en las provincias de Buenos Aires, Santa Fe, C\u00f3rdoba, Corrientes, La Rioja, Santiago del Estero y Tucum\u00e1n fue superior del 90%.<\/p>\n<p>Los hospitales que menor ocupaci\u00f3n reportaron fueron los de Jujuy con un 72,6%.<\/p>\n<div class=\"auth\"><strong>El AMBA<\/strong><\/div>\n<p>En el <strong>\u00c1rea Metropolitana de Buenos Aires (AMBA) se relevaron 51 UTIs<\/strong>, lo que representa 1.227 camas, y se registr\u00f3 una tasa de ocupaci\u00f3n promedio del 93%.<\/p>\n<p>La ocupaci\u00f3n con pacientes con Covid-19 representa el 70% de las internaciones en UTI en AMBA, con un uso de ventilaci\u00f3n mec\u00e1nica del 83%; en tanto que 6 de cada 10 instituciones respondi\u00f3 que no ten\u00eda ninguna cama disponible.<\/p>\n<p>Un nuevo dato que aporta este estudio en relaci\u00f3n a los anteriores es que\u00a0<strong>el 1,4% de los pacientes internados en UTI son personas que reingresaron al hospital desde sus domicilios por secuelas de Covid-19.<\/strong><\/p>\n<p>En referencia la visita del \u00faltimo adi\u00f3s, que en el relevamiento anterior s\u00f3lo hab\u00eda sido permitida en el 70% de las instituciones, el porcentaje creci\u00f3 alcanzando al 90% de los centros de salud.<\/p>\n<p>La SATI record\u00f3 que este estudio<em> \u00abes s\u00f3lo una muestra\u00bb<\/em> y no contempla el total de las instituciones del todo el pa\u00eds <em>\u00abpor lo que no es prudente extraer conclusiones por encima de las estad\u00edsticas oficiales\u00bb.<\/em><\/p>\n<p>&nbsp;<\/p>\n<p>&nbsp;<\/p>\n","protected":false},"excerpt":{"rendered":"<p>&nbsp; El dato surge de un sondeo realizado por la Sociedad Argentina de Terapia Intensiva que determin\u00f3 que la situaci\u00f3n<\/p>\n","protected":false},"author":1,"featured_media":51644,"comment_status":"closed","ping_status":"closed","sticky":false,"template":"","format":"standard","meta":{"kia_subtitle":"","footnotes":"","jetpack_publicize_message":"","jetpack_publicize_feature_enabled":true,"jetpack_social_post_already_shared":true,"jetpack_social_options":{"image_generator_settings":{"template":"highway","default_image_id":0,"font":"","enabled":false},"version":2}},"categories":[3],"tags":[],"class_list":["post-53623","post","type-post","status-publish","format-standard","has-post-thumbnail","hentry","category-actualidad"],"jetpack_publicize_connections":[],"jetpack_featured_media_url":"https:\/\/laurbedigital.com.ar\/noticias\/wp-content\/uploads\/2021\/04\/20210427-UTI.jpg","_links":{"self":[{"href":"https:\/\/laurbedigital.com.ar\/noticias\/wp-json\/wp\/v2\/posts\/53623","targetHints":{"allow":["GET"]}}],"collection":[{"href":"https:\/\/laurbedigital.com.ar\/noticias\/wp-json\/wp\/v2\/posts"}],"about":[{"href":"https:\/\/laurbedigital.com.ar\/noticias\/wp-json\/wp\/v2\/types\/post"}],"author":[{"embeddable":true,"href":"https:\/\/laurbedigital.com.ar\/noticias\/wp-json\/wp\/v2\/users\/1"}],"replies":[{"embeddable":true,"href":"https:\/\/laurbedigital.com.ar\/noticias\/wp-json\/wp\/v2\/comments?post=53623"}],"version-history":[{"count":2,"href":"https:\/\/laurbedigital.com.ar\/noticias\/wp-json\/wp\/v2\/posts\/53623\/revisions"}],"predecessor-version":[{"id":53625,"href":"https:\/\/laurbedigital.com.ar\/noticias\/wp-json\/wp\/v2\/posts\/53623\/revisions\/53625"}],"wp:featuredmedia":[{"embeddable":true,"href":"https:\/\/laurbedigital.com.ar\/noticias\/wp-json\/wp\/v2\/media\/51644"}],"wp:attachment":[{"href":"https:\/\/laurbedigital.com.ar\/noticias\/wp-json\/wp\/v2\/media?parent=53623"}],"wp:term":[{"taxonomy":"category","embeddable":true,"href":"https:\/\/laurbedigital.com.ar\/noticias\/wp-json\/wp\/v2\/categories?post=53623"},{"taxonomy":"post_tag","embeddable":true,"href":"https:\/\/laurbedigital.com.ar\/noticias\/wp-json\/wp\/v2\/tags?post=53623"}],"curies":[{"name":"wp","href":"https:\/\/api.w.org\/{rel}","templated":true}]}}