{"id":52657,"date":"2021-05-09T16:30:42","date_gmt":"2021-05-09T19:30:42","guid":{"rendered":"https:\/\/laurbedigital.com.ar\/noticias\/?p=52657"},"modified":"2021-05-09T16:37:24","modified_gmt":"2021-05-09T19:37:24","slug":"aumento-en-el-pais-la-deteccion-de-casos-de-las-variantes-del-reino-unido-y-de-manaos","status":"publish","type":"post","link":"https:\/\/laurbedigital.com.ar\/noticias\/2021\/05\/09\/aumento-en-el-pais-la-deteccion-de-casos-de-las-variantes-del-reino-unido-y-de-manaos\/","title":{"rendered":"Aument\u00f3 en el pa\u00eds la detecci\u00f3n de casos de las variantes del Reino Unido y de Manaos"},"content":{"rendered":"<p>&nbsp;<\/p>\n<h5>Lo demuestra un estudio del\u00a0Ministerio de Ciencia, Tecnolog\u00eda e Innovaci\u00f3n sobre un total\u00a0de 1.848 muestras de CABA y las provincias de Buenos Aires, C\u00f3rdoba, Neuqu\u00e9n, Santa Fe, R\u00edo Negro, Mendoza, San Luis y Entre R\u00edos.\u00a0Hasta el momento, no se detect\u00f3 la combinaci\u00f3n de mutaciones caracter\u00edstica de la variante de Sud\u00e1frica<\/h5>\n<p>Las variantes de coronavirus de Reino Unido y de Manaos registraron un aumento en la frecuencia de detecci\u00f3n de casos en todo el pa\u00eds, seg\u00fan precis\u00f3 el \u00faltimo informe de\u00a0<strong>Proyecto PAIS sobre vigilancia de variantes de SARS-CoV-2 del Ministerio de Ciencia, Tecnolog\u00eda e Innovaci\u00f3n de la Naci\u00f3n.<\/strong><\/p>\n<p>El estudio, que comprendi\u00f3\u00a0<strong>un total de 1.848 muestras de CABA y las provincias de Buenos Aires, C\u00f3rdoba, Neuqu\u00e9n, Santa Fe, R\u00edo Negro, Mendoza, San Luis y Entre R\u00edos<\/strong>, mostr\u00f3 que hubo un aumento en la frecuencia de detecci\u00f3n de las variantes 501Y.V1 (Reino Unido), 501Y.V3 (P.1, Manaos) y para la mutaci\u00f3n L452Q sin nexo epidemiol\u00f3gico con turismo al exterior entre principios de marzo a fines de abril.<\/p>\n<p>En el AMBA, hubo una frecuencia del 27,1% (CABA) y del 12,8% (GBA) para la variante Reino Unido; 31,3% (CABA) y del 31,9% (GBA) para la variante 501Y.V3 de Manaos; y del 33,3% (CABA) y del 48,9% (GBA) para la mutaci\u00f3n L452Q compatible con linaje C.37.<\/p>\n<p>Hasta el momento, no se detect\u00f3 la combinaci\u00f3n de mutaciones caracter\u00edstica de la variante de Sud\u00e1frica, se inform\u00f3.<\/p>\n<p><img loading=\"lazy\" decoding=\"async\" class=\"alignnone size-full wp-image-52658\" src=\"https:\/\/laurbedigital.com.ar\/noticias\/wp-content\/uploads\/2021\/05\/202100509-COVID-19.jpg\" alt=\"\" width=\"768\" height=\"428\" title=\"\" srcset=\"https:\/\/laurbedigital.com.ar\/noticias\/wp-content\/uploads\/2021\/05\/202100509-COVID-19.jpg 768w, https:\/\/laurbedigital.com.ar\/noticias\/wp-content\/uploads\/2021\/05\/202100509-COVID-19-300x167.jpg 300w\" sizes=\"auto, (max-width: 768px) 100vw, 768px\" \/><\/p>\n<p>El informe destaca que l<strong>a variante Manaos fue detectada en el Gran La Plata en el 70,7% de los casos analizados mientras que en Mar del Plata fue del 42,9% de los contagios.<\/strong>La ciudad de Tandil present\u00f3 62,5% de los casos asociados con variante de Reino Unido.<\/p>\n<p>Por su parte,\u00a0<strong>en San Luis se detect\u00f3 la variante Manaos en 46,6%;<\/strong>\u00a0y en Entre R\u00edos se observ\u00f3 tambi\u00e9n un predominio de esta variante, en 58,3% de los casos, en individuos sin antecedente de viaje al exterior ni nexo epidemiol\u00f3gico con viajeros.<\/p>\n<p><strong>En General Alvear, provincia de Mendoza, la totalidad de los casos analizados corresponden a la variante de Manaos,<\/strong>\u00a0aunque \u00abeste brote est\u00e1 asociado al reingreso de un contingente tur\u00edstico de residentes locales\u00bb, se precis\u00f3.<\/p>\n<p>A su vez, en la provincia de\u00a0<strong>Santa Fe<\/strong>\u00a0se realiz\u00f3 la detecci\u00f3n de dos casos de variante 501Y.V3 (Manaos) y un caso de variante 501Y.V1 (Reino Unido) en individuos sin antecedente de viaje al exterior o contacto estrecho con viajeros.<\/p>\n<p>En\u00a0<strong>C\u00f3rdoba<\/strong>\u00a0se detectaron dos casos de la variante 501Y.V3 (P.1, Manaos) en individuos con antecedente de viaje y siete casos de la variante 501Y.V1 (Reino Unido), dos de ellos con antecedente de viaje a M\u00e9xico y cinco adquiridos en la comunidad.<\/p>\n<p>Por \u00faltimo, en la provincia de\u00a0<strong>Neuqu\u00e9n<\/strong>\u00a0se detect\u00f3 un caso de variante 501Y.V3 (Manaos) en un trabajador local temporal.<\/p>\n<p>\u00abLa vigilancia activa de las variantes de SARS-CoV-2 realizada\u00a0<strong>permiti\u00f3 determinar la presencia de cuatro variantes<\/strong>\u00a0de inter\u00e9s epidemiol\u00f3gico mundial en nuestro pa\u00eds:\u00a0<strong>la variante 501Y.V1 (Reino Unido), la variante 501Y.V3 (linaje P.1, Manaos), la variante P.2 (R\u00edo de Janeiro) y la variante CAL.20C (California, linajes B.1.427 y B.1.429)<\/strong>, y permiti\u00f3 la detecci\u00f3n de un linaje de creciente importancia regional, el linaje C.37&#8243;, se destac\u00f3.<\/p>\n<p>El Proyecto PAIS fue creado desde el Ministerio de Ciencia, Tecnolog\u00eda e Innovaci\u00f3n de la Naci\u00f3n, el Consorcio interinstitucional para la Secuenciaci\u00f3n del genoma y estudios gen\u00f3micos de SARS-CoV-2.<\/p>\n<p><strong>Est\u00e1 conformado por grupos de investigaci\u00f3n de diferentes instituciones con el objetivo de secuenciar el genoma y realizar dem\u00e1s estudios gen\u00f3micos del SARS-CoV-2.<\/strong><\/p>\n<p>Coordinado por la Dra. Mariana Viegas del Laboratorio de Virolog\u00eda Hospital de Ni\u00f1os Ricardo Guti\u00e9rrez, el equipo trabaja articulada y colaborativamente para realizar estudios gen\u00f3micos de SARS-CoV-2 en nuestro pa\u00eds y aportar tanto al conocimiento local como a la base de datos global de circulaci\u00f3n viral GISAID (Global Initiative on Sharing All Influenza Data).<\/p>\n<div class=\"btn_externos\"><\/div>\n","protected":false},"excerpt":{"rendered":"<p>&nbsp; Lo demuestra un estudio del\u00a0Ministerio de Ciencia, Tecnolog\u00eda e Innovaci\u00f3n sobre un total\u00a0de 1.848 muestras de CABA y las<\/p>\n","protected":false},"author":1,"featured_media":52659,"comment_status":"closed","ping_status":"closed","sticky":false,"template":"","format":"standard","meta":{"kia_subtitle":"","footnotes":"","jetpack_publicize_message":"","jetpack_publicize_feature_enabled":true,"jetpack_social_post_already_shared":true,"jetpack_social_options":{"image_generator_settings":{"template":"highway","default_image_id":0,"font":"","enabled":false},"version":2}},"categories":[3,41],"tags":[],"class_list":["post-52657","post","type-post","status-publish","format-standard","has-post-thumbnail","hentry","category-actualidad","category-nacionales"],"jetpack_publicize_connections":[],"jetpack_featured_media_url":"https:\/\/laurbedigital.com.ar\/noticias\/wp-content\/uploads\/2021\/05\/202100509-COVID-19-1.jpg","_links":{"self":[{"href":"https:\/\/laurbedigital.com.ar\/noticias\/wp-json\/wp\/v2\/posts\/52657","targetHints":{"allow":["GET"]}}],"collection":[{"href":"https:\/\/laurbedigital.com.ar\/noticias\/wp-json\/wp\/v2\/posts"}],"about":[{"href":"https:\/\/laurbedigital.com.ar\/noticias\/wp-json\/wp\/v2\/types\/post"}],"author":[{"embeddable":true,"href":"https:\/\/laurbedigital.com.ar\/noticias\/wp-json\/wp\/v2\/users\/1"}],"replies":[{"embeddable":true,"href":"https:\/\/laurbedigital.com.ar\/noticias\/wp-json\/wp\/v2\/comments?post=52657"}],"version-history":[{"count":3,"href":"https:\/\/laurbedigital.com.ar\/noticias\/wp-json\/wp\/v2\/posts\/52657\/revisions"}],"predecessor-version":[{"id":52661,"href":"https:\/\/laurbedigital.com.ar\/noticias\/wp-json\/wp\/v2\/posts\/52657\/revisions\/52661"}],"wp:featuredmedia":[{"embeddable":true,"href":"https:\/\/laurbedigital.com.ar\/noticias\/wp-json\/wp\/v2\/media\/52659"}],"wp:attachment":[{"href":"https:\/\/laurbedigital.com.ar\/noticias\/wp-json\/wp\/v2\/media?parent=52657"}],"wp:term":[{"taxonomy":"category","embeddable":true,"href":"https:\/\/laurbedigital.com.ar\/noticias\/wp-json\/wp\/v2\/categories?post=52657"},{"taxonomy":"post_tag","embeddable":true,"href":"https:\/\/laurbedigital.com.ar\/noticias\/wp-json\/wp\/v2\/tags?post=52657"}],"curies":[{"name":"wp","href":"https:\/\/api.w.org\/{rel}","templated":true}]}}