{"id":52589,"date":"2021-05-08T14:40:53","date_gmt":"2021-05-08T17:40:53","guid":{"rendered":"https:\/\/laurbedigital.com.ar\/noticias\/?p=52589"},"modified":"2021-05-08T14:40:53","modified_gmt":"2021-05-08T17:40:53","slug":"un-estudio-britanico-asegura-que-el-ibuprofeno-no-aumenta-el-riesgo-de-gravedad-de-coronavirus","status":"publish","type":"post","link":"https:\/\/laurbedigital.com.ar\/noticias\/2021\/05\/08\/un-estudio-britanico-asegura-que-el-ibuprofeno-no-aumenta-el-riesgo-de-gravedad-de-coronavirus\/","title":{"rendered":"Un estudio brit\u00e1nico asegura que el ibuprofeno no aumenta el riesgo de gravedad de coronavirus"},"content":{"rendered":"<p>&nbsp;<\/p>\n<h5>Seg\u00fan autoridades sanitarias, el uso de antiinflamatorios no esteroideos (AINE) no se asocia con un aumento de la mortalidad ni de la gravedad del Covid-19.<\/h5>\n<p>Los medicamentos antiinflamatorios de la familia del ibuprofeno no aumentan el riesgo de enfermar gravemente de coronavirus ni de morir, contrariamente a lo que se tem\u00eda al principio de la pandemia, seg\u00fan un estudio.<\/p>\n<p><em>\u00abEl uso de antiinflamatorios no esteroideos (AINE) no se asocia con un aumento de la mortalidad ni de la gravedad del Covid-19\u00bb,<\/em> concluye el estudio de las autoridades sanitarias brit\u00e1nicas, publicado en la revista m\u00e9dica The Lancet Rheumatology.<\/p>\n<p><em>\u00abAhora tenemos una prueba clara de que los AINE pueden emplearse con toda seguridad en pacientes con Covid\u00bb,<\/em> seg\u00fan Ewen Harrison, de la Universidad de Edimburgo y autor principal del estudio llevado a cabo entre 72.000 pacientes, seg\u00fan inform\u00f3 la agencia AFP.<\/p>\n<p>El uso de este tipo de medicamentos est\u00e1 generalizado contra la fiebre y dolores comunes. Su sustancia activa es el ibuprofeno, y en menor medida el ketoprofeno.<\/p>\n<p>Al principio de la pandemia se temi\u00f3 que estos agravaran la infecci\u00f3n y la OMS recomend\u00f3 a las personas con s\u00edntomas asociados al Covid que no se automedicaran con ibuprofeno.<\/p>\n<p>La Agencia Europa de Medicamentos (EMA) ya hab\u00eda adelantado que no hab\u00eda <em>\u00abninguna prueba cient\u00edfica\u00bb<\/em> de que el ibuprofeno agravara la enfermedad.<\/p>\n<p>El estudio se basa en los datos de 72.000 enfermos de Covid que se medicaron con ibuprofeno antes de ser hospitalizados. Los autores admiten no obstante que no contaron con algunas informaciones, como la duraci\u00f3n del tratamiento.<\/p>\n<p>&nbsp;<\/p>\n<p>&nbsp;<\/p>\n","protected":false},"excerpt":{"rendered":"<p>&nbsp; Seg\u00fan autoridades sanitarias, el uso de antiinflamatorios no esteroideos (AINE) no se asocia con un aumento de la mortalidad<\/p>\n","protected":false},"author":1,"featured_media":52590,"comment_status":"closed","ping_status":"closed","sticky":false,"template":"","format":"standard","meta":{"kia_subtitle":"","footnotes":"","jetpack_publicize_message":"","jetpack_publicize_feature_enabled":true,"jetpack_social_post_already_shared":true,"jetpack_social_options":{"image_generator_settings":{"template":"highway","default_image_id":0,"font":"","enabled":false},"version":2}},"categories":[15,70],"tags":[],"class_list":["post-52589","post","type-post","status-publish","format-standard","has-post-thumbnail","hentry","category-tendencias","category-salud"],"jetpack_publicize_connections":[],"jetpack_featured_media_url":"https:\/\/laurbedigital.com.ar\/noticias\/wp-content\/uploads\/2021\/05\/202100508-Ibuprofeno.jpg","_links":{"self":[{"href":"https:\/\/laurbedigital.com.ar\/noticias\/wp-json\/wp\/v2\/posts\/52589","targetHints":{"allow":["GET"]}}],"collection":[{"href":"https:\/\/laurbedigital.com.ar\/noticias\/wp-json\/wp\/v2\/posts"}],"about":[{"href":"https:\/\/laurbedigital.com.ar\/noticias\/wp-json\/wp\/v2\/types\/post"}],"author":[{"embeddable":true,"href":"https:\/\/laurbedigital.com.ar\/noticias\/wp-json\/wp\/v2\/users\/1"}],"replies":[{"embeddable":true,"href":"https:\/\/laurbedigital.com.ar\/noticias\/wp-json\/wp\/v2\/comments?post=52589"}],"version-history":[{"count":2,"href":"https:\/\/laurbedigital.com.ar\/noticias\/wp-json\/wp\/v2\/posts\/52589\/revisions"}],"predecessor-version":[{"id":52592,"href":"https:\/\/laurbedigital.com.ar\/noticias\/wp-json\/wp\/v2\/posts\/52589\/revisions\/52592"}],"wp:featuredmedia":[{"embeddable":true,"href":"https:\/\/laurbedigital.com.ar\/noticias\/wp-json\/wp\/v2\/media\/52590"}],"wp:attachment":[{"href":"https:\/\/laurbedigital.com.ar\/noticias\/wp-json\/wp\/v2\/media?parent=52589"}],"wp:term":[{"taxonomy":"category","embeddable":true,"href":"https:\/\/laurbedigital.com.ar\/noticias\/wp-json\/wp\/v2\/categories?post=52589"},{"taxonomy":"post_tag","embeddable":true,"href":"https:\/\/laurbedigital.com.ar\/noticias\/wp-json\/wp\/v2\/tags?post=52589"}],"curies":[{"name":"wp","href":"https:\/\/api.w.org\/{rel}","templated":true}]}}