{"id":5254,"date":"2016-10-10T19:49:26","date_gmt":"2016-10-10T22:49:26","guid":{"rendered":"http:\/\/laurbedigital.com.ar\/noticias\/?p=5254"},"modified":"2016-10-10T19:49:26","modified_gmt":"2016-10-10T22:49:26","slug":"cascallares-celebro-junto-a-los-vecinos-de-glew-el-151o-aniversario-de-esa-centenaria-localidad","status":"publish","type":"post","link":"https:\/\/laurbedigital.com.ar\/noticias\/2016\/10\/10\/cascallares-celebro-junto-a-los-vecinos-de-glew-el-151o-aniversario-de-esa-centenaria-localidad\/","title":{"rendered":"Cascallares celebr\u00f3 junto a los vecinos de Glew el 151\u00ba aniversario de esa centenaria localidad"},"content":{"rendered":"<p>El colorido gauchesco, de las instituciones y la alegr\u00eda de los vecinos coronaron los festejos oficiales por el 151\u00b0 aniversario de la creaci\u00f3n de la localidad de Glew que presidi\u00f3 el intendente municipal de Almirante Brown, Mariano Cascallares.<\/p>\n<p>La plaza San Mart\u00edn de Glew fue escenario de la celebraci\u00f3n que cont\u00f3 con la presencia del diputado nacional, Eduardo Fabiani, el presidente del Honorable Concejo Deliberante de Almirante Brown, Juan Fabiani, el delegado municipal del lugar, Atilio Gari, entre otros, funcionarios del ejecutivo municipal, adem\u00e1s de representantes de las Fuerzas Armadas y de Seguridad.<\/p>\n<p>Luego de la acci\u00f3n de gracias y de la entonaci\u00f3n de las estrofas del Himno -interpretado por la banda de la escuela Penitenciaria de la Naci\u00f3n, Juan Jos\u00e9 O\u00b4 Connor &#8211; hizo uso de la palabra en representaci\u00f3n de la comunidad glewense, la docente Cristina Urban, quien record\u00f3 los or\u00edgenes de la localidad, y plante\u00f3 la necesidad \u2013en un nuevo aniversario de Glew- de renovar el compromiso de trabajar para que la ciudad siga proyect\u00e1ndose y creciendo con obras y como comunidad.<\/p>\n<p>Luego de su alocuci\u00f3n la docente recibi\u00f3 un reconocimiento por su destacado accionar en la educaci\u00f3n de los j\u00f3venes del lugar.<\/p>\n<p>Por su parte, Cascallares\u00a0 -que agradeci\u00f3 a cada uno de los presentes por su participaci\u00f3n, no solo anunci\u00f3 la construcci\u00f3n de dos nuevos jardines de infantes para Glew, sino que tambi\u00e9n\u00a0hizo hincapi\u00e9 en las acciones que el Gobierno Municipal lleva adelante en esa zona del distrito.<\/p>\n<p>\u00abSomos muy conscientes de que tenemos que trabajar mucho para el crecimiento del distrito, y el Municipio quiere hacerlo particularmente desde las localidades hacia el centro. Glew necesita un Estado presente y entendemos que debemos poner el foco aqu\u00ed. Desde hace diez meses venimos trabajando, pero este progreso tenemos que hacerlo entre todos\u00bb, sostuvo el intendente.<\/p>\n<p>Cabe se\u00f1alar que en la ocasi\u00f3n diversas entidades de la localidad recibieron banderas del distrito, de flameo y ceremonia. Entre ellas, el Centro tradicionalista \u201cFort\u00edn\u201d Glew, la Escuela primaria Nro. 62 y el Instituto Superior de Formaci\u00f3n Docente \u00a0y T\u00e9cnico Nro. 53.<\/p>\n<p>El acto protocolar se cerr\u00f3 con un desfile c\u00edvico-tradicionalista, que cont\u00f3 con la participaci\u00f3n de delegaciones escolares, representantes de entidades de bien p\u00fablico, ex combatientes, centros de jubilados, bomberos, sociedades de fomento y centros tradicionalistas que, a su paso, exhibieron carruajes y caballos acompa\u00f1ados por el canto de payadores que amenizaron el encuentro.<\/p>\n<p>En tanto, el Municipio expuso las nuevas maquinarias que adquiri\u00f3\u00a0 para el desarrollo de tareas en la v\u00eda p\u00fablica en forma descentralizada priorizando a las localidades, como as\u00ed tambi\u00e9n los nuevos m\u00f3viles del servicio de emergencias de Almirante Brown.<\/p>\n<p>Participaron tambi\u00e9n con su danza bailarines de diferentes agrupaciones folkl\u00f3ricas del distrito.<\/p>\n","protected":false},"excerpt":{"rendered":"<p>El colorido gauchesco, de las instituciones y la alegr\u00eda de los vecinos coronaron los festejos oficiales por el 151\u00b0 aniversario<\/p>\n","protected":false},"author":1,"featured_media":5256,"comment_status":"closed","ping_status":"closed","sticky":false,"template":"","format":"standard","meta":{"kia_subtitle":"","footnotes":"","jetpack_publicize_message":"","jetpack_publicize_feature_enabled":true,"jetpack_social_post_already_shared":true,"jetpack_social_options":{"image_generator_settings":{"template":"highway","default_image_id":0,"font":"","enabled":false},"version":2}},"categories":[33,2],"tags":[],"class_list":["post-5254","post","type-post","status-publish","format-standard","has-post-thumbnail","hentry","category-alte-brown-alte-brown","category-alte-brown"],"jetpack_publicize_connections":[],"jetpack_featured_media_url":"https:\/\/laurbedigital.com.ar\/noticias\/wp-content\/uploads\/2016\/10\/20161010-brown.jpg","_links":{"self":[{"href":"https:\/\/laurbedigital.com.ar\/noticias\/wp-json\/wp\/v2\/posts\/5254","targetHints":{"allow":["GET"]}}],"collection":[{"href":"https:\/\/laurbedigital.com.ar\/noticias\/wp-json\/wp\/v2\/posts"}],"about":[{"href":"https:\/\/laurbedigital.com.ar\/noticias\/wp-json\/wp\/v2\/types\/post"}],"author":[{"embeddable":true,"href":"https:\/\/laurbedigital.com.ar\/noticias\/wp-json\/wp\/v2\/users\/1"}],"replies":[{"embeddable":true,"href":"https:\/\/laurbedigital.com.ar\/noticias\/wp-json\/wp\/v2\/comments?post=5254"}],"version-history":[{"count":1,"href":"https:\/\/laurbedigital.com.ar\/noticias\/wp-json\/wp\/v2\/posts\/5254\/revisions"}],"predecessor-version":[{"id":5255,"href":"https:\/\/laurbedigital.com.ar\/noticias\/wp-json\/wp\/v2\/posts\/5254\/revisions\/5255"}],"wp:featuredmedia":[{"embeddable":true,"href":"https:\/\/laurbedigital.com.ar\/noticias\/wp-json\/wp\/v2\/media\/5256"}],"wp:attachment":[{"href":"https:\/\/laurbedigital.com.ar\/noticias\/wp-json\/wp\/v2\/media?parent=5254"}],"wp:term":[{"taxonomy":"category","embeddable":true,"href":"https:\/\/laurbedigital.com.ar\/noticias\/wp-json\/wp\/v2\/categories?post=5254"},{"taxonomy":"post_tag","embeddable":true,"href":"https:\/\/laurbedigital.com.ar\/noticias\/wp-json\/wp\/v2\/tags?post=5254"}],"curies":[{"name":"wp","href":"https:\/\/api.w.org\/{rel}","templated":true}]}}