{"id":52526,"date":"2021-05-07T12:03:34","date_gmt":"2021-05-07T15:03:34","guid":{"rendered":"https:\/\/laurbedigital.com.ar\/noticias\/?p=52526"},"modified":"2021-05-07T12:03:34","modified_gmt":"2021-05-07T15:03:34","slug":"salud-amplio-vacunacion-a-pacientes-oncologicos-con-tuberculosis-y-personas-con-sindrome-de-down","status":"publish","type":"post","link":"https:\/\/laurbedigital.com.ar\/noticias\/2021\/05\/07\/salud-amplio-vacunacion-a-pacientes-oncologicos-con-tuberculosis-y-personas-con-sindrome-de-down\/","title":{"rendered":"Salud ampli\u00f3 vacunaci\u00f3n a pacientes oncol\u00f3gicos, con tuberculosis y personas con s\u00edndrome de Down"},"content":{"rendered":"<p>&nbsp;<\/p>\n<h5>El Ministerio de Salud incorpor\u00f3 a los pacientes oncol\u00f3gicos, personas con tuberculosis activa y con discapacidad intelectual y del desarrollo, incluyendo a personas con S\u00edndrome de Down, a la estrategia de vacunaci\u00f3n contra el coronavirus, a partir de la recomendaci\u00f3n de la Comisi\u00f3n Nacional de Inmunizaciones (CoNaIn).<\/h5>\n<p><strong><em>\u00abEn base a la evidencia cient\u00edfica nacional e internacional en relaci\u00f3n a condiciones de mayor riesgo de enfermar en forma grave o morir por COVID-19 y las estrategias que adoptan otros pa\u00edses, el Ministerio de Salud de la Naci\u00f3n decide ampliar la poblaci\u00f3n objetivo a vacunar contra esta enfermedad e incorpora a pacientes oncol\u00f3gicos; a quienes tengan tuberculosis activa; y a las personas con discapacidad intelectual y del desarrollo, incluyendo S\u00edndrome de Down\u00bb,<\/em> se\u00f1al\u00f3 un comunicado de la cartera.<\/strong><\/p>\n<p>Con esa decisi\u00f3n, la recomendaci\u00f3n de vacunaci\u00f3n contra el coronavirus para el grupo de personas de entre 18 y 59 a\u00f1os con factores de riesgo se actualiza con la inclusi\u00f3n de las siguientes enfermedades preexistentes.<\/p>\n<p>Diabetes tipo 1 o 2 (insulinodependiente y no insulinodependiente).<\/p>\n<p>Obesidad grado 2 (\u00edndice de masa corporal -IMC- mayor a 35) y grado 3 (IMC mayor a 40).<\/p>\n<p>Enfermedad cardiovascular, que incluye insuficiencia card\u00edaca, enfermedad coronaria, valvulopat\u00edas, miocardiopat\u00edas e hipertensi\u00f3n pulmonar.<\/p>\n<p>Enfermedad renal cr\u00f3nica (incluidos pacientes en di\u00e1lisis cr\u00f3nica).<\/p>\n<p>Enfermedad respiratoria cr\u00f3nica: enfermedad pulmonar obstructiva cr\u00f3nica (EPOC), fibrosis qu\u00edstica, enfermedad intersticial pulmonar y asma grave.<\/p>\n<p>Cirrosis.<\/p>\n<p>Personas que viven con VIH independientemente del recuento de CD4 y niveles de carga viral.<\/p>\n<p>Pacientes en lista de espera para trasplante de \u00f3rganos s\u00f3lidos y trasplantados de \u00f3rganos s\u00f3lidos.<\/p>\n<p>Personas con discapacidad que residan en hogares, residencias y peque\u00f1os hogares.<\/p>\n<p>Pacientes oncol\u00f3gicos y oncohematol\u00f3gicos con diagn\u00f3stico reciente o enfermedad \u201cACTIVA\u201d (menos de 1 a\u00f1o desde el diagn\u00f3stico; en tratamiento actual o haber recibido tratamiento inmunosupresor en los \u00faltimos 12 meses; y enfermedad en reca\u00edda o no controlada).<\/p>\n<p>En este punto, el comunicado de Salud recomend\u00f3 a los pacientes que requieran o realicen tratamiento quimioter\u00e1pico recibir el esquema completo de vacunaci\u00f3n (2 dosis) al menos 14 d\u00edas previos al inicio del tratamiento, y en caso de no ser posible sugiri\u00f3 demorar la vacunaci\u00f3n hasta que haya una recuperaci\u00f3n medular estable o se encuentren en fase de consolidaci\u00f3n.<\/p>\n<p>Personas cursando tuberculosis activa (caso nuevo o reca\u00edda, diagnosticados en los \u00faltimos 12 meses).<\/p>\n<p>Personas con discapacidad intelectual y del desarrollo que inhabilite las capacidades individuales de ejecutar, comprender o sostener en el tiempo las medidas de cuidado personal para evitar el contagio o transmisi\u00f3n de la Covid-19 y\/o se encuentren institucionalizados, en hogares o residencias de larga permanencia; y\/o requieran asistencia profesional domiciliaria o internaci\u00f3n domiciliaria.<\/p>\n<p>Personas con S\u00edndrome de Down, priorizando inicialmente a aquellos mayores de 40 a\u00f1os, en quienes se evidenci\u00f3 un aumento sustancial de la mortalidad por coronavirus respecto de otros grupos etarios.<\/p>\n<p>Junto a estas recomendaciones debido al riesgo aumentado de enfermedad grave o muerte por coronavirus, Salud pidi\u00f3 que aunque se reciba la vacunaci\u00f3n se mantengan las medidas de cuidado y protecci\u00f3n.<\/p>\n","protected":false},"excerpt":{"rendered":"<p>&nbsp; El Ministerio de Salud incorpor\u00f3 a los pacientes oncol\u00f3gicos, personas con tuberculosis activa y con discapacidad intelectual y del<\/p>\n","protected":false},"author":1,"featured_media":52527,"comment_status":"closed","ping_status":"closed","sticky":false,"template":"","format":"standard","meta":{"kia_subtitle":"","footnotes":"","jetpack_publicize_message":"","jetpack_publicize_feature_enabled":true,"jetpack_social_post_already_shared":true,"jetpack_social_options":{"image_generator_settings":{"template":"highway","default_image_id":0,"font":"","enabled":false},"version":2}},"categories":[3],"tags":[],"class_list":["post-52526","post","type-post","status-publish","format-standard","has-post-thumbnail","hentry","category-actualidad"],"jetpack_publicize_connections":[],"jetpack_featured_media_url":"https:\/\/laurbedigital.com.ar\/noticias\/wp-content\/uploads\/2021\/05\/202100507-vacunacion-1.jpg","_links":{"self":[{"href":"https:\/\/laurbedigital.com.ar\/noticias\/wp-json\/wp\/v2\/posts\/52526","targetHints":{"allow":["GET"]}}],"collection":[{"href":"https:\/\/laurbedigital.com.ar\/noticias\/wp-json\/wp\/v2\/posts"}],"about":[{"href":"https:\/\/laurbedigital.com.ar\/noticias\/wp-json\/wp\/v2\/types\/post"}],"author":[{"embeddable":true,"href":"https:\/\/laurbedigital.com.ar\/noticias\/wp-json\/wp\/v2\/users\/1"}],"replies":[{"embeddable":true,"href":"https:\/\/laurbedigital.com.ar\/noticias\/wp-json\/wp\/v2\/comments?post=52526"}],"version-history":[{"count":2,"href":"https:\/\/laurbedigital.com.ar\/noticias\/wp-json\/wp\/v2\/posts\/52526\/revisions"}],"predecessor-version":[{"id":52529,"href":"https:\/\/laurbedigital.com.ar\/noticias\/wp-json\/wp\/v2\/posts\/52526\/revisions\/52529"}],"wp:featuredmedia":[{"embeddable":true,"href":"https:\/\/laurbedigital.com.ar\/noticias\/wp-json\/wp\/v2\/media\/52527"}],"wp:attachment":[{"href":"https:\/\/laurbedigital.com.ar\/noticias\/wp-json\/wp\/v2\/media?parent=52526"}],"wp:term":[{"taxonomy":"category","embeddable":true,"href":"https:\/\/laurbedigital.com.ar\/noticias\/wp-json\/wp\/v2\/categories?post=52526"},{"taxonomy":"post_tag","embeddable":true,"href":"https:\/\/laurbedigital.com.ar\/noticias\/wp-json\/wp\/v2\/tags?post=52526"}],"curies":[{"name":"wp","href":"https:\/\/api.w.org\/{rel}","templated":true}]}}