{"id":52522,"date":"2021-05-07T11:43:01","date_gmt":"2021-05-07T14:43:01","guid":{"rendered":"https:\/\/laurbedigital.com.ar\/noticias\/?p=52522"},"modified":"2021-05-07T11:43:01","modified_gmt":"2021-05-07T14:43:01","slug":"en-las-redes-sociales-recuerdan-a-eva-peron-a-102-anos-de-su-nacimiento","status":"publish","type":"post","link":"https:\/\/laurbedigital.com.ar\/noticias\/2021\/05\/07\/en-las-redes-sociales-recuerdan-a-eva-peron-a-102-anos-de-su-nacimiento\/","title":{"rendered":"En las redes sociales recuerdan a Eva Per\u00f3n a 102 a\u00f1os de su nacimiento"},"content":{"rendered":"<p>&nbsp;<\/p>\n<h5>La \u201cAbanderada de los humildes\u201d fue homenajeada en Twitter por el Presidente, funcionarios nacionales y referentes del peronismo, el movimiento que abraz\u00f3 quien cumplir\u00eda 102 a\u00f1os.<\/h5>\n<p><strong>Funcionarios y dirigentes recordaron este viernes la figura y el legado de Eva Per\u00f3n, en el aniversario n\u00famero 102 de su nacimiento y a trav\u00e9s de mensajes en las redes sociales.<\/strong><\/p>\n<p><strong>El presidente Alberto Fern\u00e1ndez\u00a0<\/strong>se\u00f1al\u00f3 que \u00abhoy recordamos el nacimiento de la mujer que todo lo hizo por amor a su pueblo. Sinti\u00f3 su dolor y dedic\u00f3 su vida a una patria m\u00e1s justa\u00bb. Y complet\u00f3: \u00abSiempre recordamos su mayor ense\u00f1anza: \u00b4Donde hay una necesidad hay un derecho\u00b4. Con esa convicci\u00f3n gobernamos\u00bb.<\/p>\n<blockquote class=\"twitter-tweet\">\n<p dir=\"ltr\" lang=\"es\">Hoy recordamos el nacimiento de la mujer que todo lo hizo por amor a su pueblo. Sinti\u00f3 su dolor y dedic\u00f3 su vida a una patria m\u00e1s justa.<\/p>\n<p>Siempre recordamos su mayor ense\u00f1anza: \u201cDonde hay una necesidad hay un derecho\u201d. Con esa convicci\u00f3n gobernamos. <a href=\"https:\/\/twitter.com\/hashtag\/EvitaEterna?src=hash&amp;ref_src=twsrc%5Etfw\" target=\"_blank\" rel=\"noopener\">#EvitaEterna<\/a> <a href=\"https:\/\/t.co\/kdAMynoalw\">pic.twitter.com\/kdAMynoalw<\/a><\/p>\n<p>\u2014 Alberto Fern\u00e1ndez (@alferdez) <a href=\"https:\/\/twitter.com\/alferdez\/status\/1390653750960852992?ref_src=twsrc%5Etfw\" target=\"_blank\" rel=\"noopener\">May 7, 2021<\/a><\/p><\/blockquote>\n<p><script async src=\"https:\/\/platform.twitter.com\/widgets.js\" charset=\"utf-8\"><\/script><\/p>\n<p>\u00abEva Per\u00f3n fue una mujer extraordinaria. Pudo sentir como propio el dolor de los desamparados, de los que nunca hab\u00edan sido escuchados. Por su enorme obra, el nombre Evita jam\u00e1s ser\u00e1 olvidado y vivir\u00e1 eternamente en el coraz\u00f3n de su pueblo. #EvitaEterna\u00bb, public\u00f3 en su cuenta de Twitter<strong>\u00a0el Jefe de Gabinete, Santiago Cafiero.<br \/>\n<\/strong><\/p>\n<blockquote class=\"twitter-tweet\">\n<p dir=\"ltr\" lang=\"es\">Eva Per\u00f3n fue una mujer extraordinaria. Pudo sentir como propio el dolor de los desamparados, de los que nunca hab\u00edan sido escuchados.<\/p>\n<p>Por su enorme obra, el nombre Evita jam\u00e1s ser\u00e1 olvidado y vivir\u00e1 eternamente en el coraz\u00f3n de su pueblo.<a href=\"https:\/\/twitter.com\/hashtag\/EvitaEterna?src=hash&amp;ref_src=twsrc%5Etfw\" target=\"_blank\" rel=\"noopener\">#EvitaEterna<\/a> <a href=\"https:\/\/t.co\/vJxcZjr23D\">pic.twitter.com\/vJxcZjr23D<\/a><\/p>\n<p>\u2014 Santiago Cafiero (@SantiCafiero) <a href=\"https:\/\/twitter.com\/SantiCafiero\/status\/1390501884784484355?ref_src=twsrc%5Etfw\" target=\"_blank\" rel=\"noopener\">May 7, 2021<\/a><\/p><\/blockquote>\n<p><script async src=\"https:\/\/platform.twitter.com\/widgets.js\" charset=\"utf-8\"><\/script><\/p>\n<p>Por su parte,\u00a0<strong>el ministro de Defensa, Agust\u00edn Rossi,<\/strong>\u00a0expres\u00f3: \u00abHay personas que nacen para siempre. #EvitaEterna en nuestros corazones\u00bb.<\/p>\n<blockquote class=\"twitter-tweet\">\n<p dir=\"ltr\" lang=\"es\">Hay personas que nacen para siempre. <a href=\"https:\/\/twitter.com\/hashtag\/EvitaEterna?src=hash&amp;ref_src=twsrc%5Etfw\" target=\"_blank\" rel=\"noopener\">#EvitaEterna<\/a> en nuestros corazones. &#x1f497; <a href=\"https:\/\/t.co\/rliPZp71Fm\">pic.twitter.com\/rliPZp71Fm<\/a><\/p>\n<p>\u2014 Agust\u00edn Rossi (@RossiAgustinOk) <a href=\"https:\/\/twitter.com\/RossiAgustinOk\/status\/1390502256617918465?ref_src=twsrc%5Etfw\" target=\"_blank\" rel=\"noopener\">May 7, 2021<\/a><\/p><\/blockquote>\n<p><script async src=\"https:\/\/platform.twitter.com\/widgets.js\" charset=\"utf-8\"><\/script><\/p>\n<p>Usando el mismo hashtag,\u00a0<strong>el senador Nacional Jorge Taiana<\/strong>\u00a0invit\u00f3 a recordar a Evita como \u201cAbanderada de los humildes, ejemplo de militancia y compromiso con el Pueblo.\u201d<\/p>\n<blockquote class=\"twitter-tweet\">\n<p dir=\"ltr\" lang=\"es\">Hoy recordamos el nacimiento de <a href=\"https:\/\/twitter.com\/hashtag\/Evita?src=hash&amp;ref_src=twsrc%5Etfw\" target=\"_blank\" rel=\"noopener\">#Evita<\/a><\/p>\n<p>Abanderada de los humildes, ejemplo de militancia y compromiso con el Pueblo.<a href=\"https:\/\/twitter.com\/hashtag\/EvitaEterna?src=hash&amp;ref_src=twsrc%5Etfw\" target=\"_blank\" rel=\"noopener\">#EvitaEterna<\/a> <a href=\"https:\/\/twitter.com\/hashtag\/EvitaCumple?src=hash&amp;ref_src=twsrc%5Etfw\" target=\"_blank\" rel=\"noopener\">#EvitaCumple<\/a> &#x1f1e6;&#x1f1f7;&#x270c;&#xfe0f;&#x2665;&#xfe0f; <a href=\"https:\/\/t.co\/7EzuI2WoXs\">pic.twitter.com\/7EzuI2WoXs<\/a><\/p>\n<p>\u2014 Jorge Taiana (@JorgeTaiana) <a href=\"https:\/\/twitter.com\/JorgeTaiana\/status\/1390503051014856706?ref_src=twsrc%5Etfw\" target=\"_blank\" rel=\"noopener\">May 7, 2021<\/a><\/p><\/blockquote>\n<p><script async src=\"https:\/\/platform.twitter.com\/widgets.js\" charset=\"utf-8\"><\/script><\/p>\n<p>Eva Mar\u00eda Duarte naci\u00f3 en Los Toldos el\u200b 7 de mayo de 1919 y muri\u00f3 en la entonces Capital Federal el 26 de julio de 1952. Pol\u00edtica y actriz,<strong>\u00a0fue primera dama de la Naci\u00f3n Argentina durante la presidencia de su esposo Juan Domingo Per\u00f3n entre 1945 y 1952<\/strong>, y presidenta del Partido Peronista Femenino y de la Fundaci\u00f3n Eva Per\u00f3n. Fue declarada oficialmente y de manera p\u00f3stuma \u00abJefa Espiritual de la Naci\u00f3n\u00bb, en 1952.<\/p>\n<p>&nbsp;<\/p>\n<p>&nbsp;<\/p>\n","protected":false},"excerpt":{"rendered":"<p>&nbsp; La \u201cAbanderada de los humildes\u201d fue homenajeada en Twitter por el Presidente, funcionarios nacionales y referentes del peronismo, el<\/p>\n","protected":false},"author":1,"featured_media":52523,"comment_status":"closed","ping_status":"closed","sticky":false,"template":"","format":"standard","meta":{"kia_subtitle":"","footnotes":"","jetpack_publicize_message":"","jetpack_publicize_feature_enabled":true,"jetpack_social_post_already_shared":true,"jetpack_social_options":{"image_generator_settings":{"template":"highway","default_image_id":0,"font":"","enabled":false},"version":2}},"categories":[3],"tags":[],"class_list":["post-52522","post","type-post","status-publish","format-standard","has-post-thumbnail","hentry","category-actualidad"],"jetpack_publicize_connections":[],"jetpack_featured_media_url":"https:\/\/laurbedigital.com.ar\/noticias\/wp-content\/uploads\/2021\/05\/202100507-EVITA.jpg","_links":{"self":[{"href":"https:\/\/laurbedigital.com.ar\/noticias\/wp-json\/wp\/v2\/posts\/52522","targetHints":{"allow":["GET"]}}],"collection":[{"href":"https:\/\/laurbedigital.com.ar\/noticias\/wp-json\/wp\/v2\/posts"}],"about":[{"href":"https:\/\/laurbedigital.com.ar\/noticias\/wp-json\/wp\/v2\/types\/post"}],"author":[{"embeddable":true,"href":"https:\/\/laurbedigital.com.ar\/noticias\/wp-json\/wp\/v2\/users\/1"}],"replies":[{"embeddable":true,"href":"https:\/\/laurbedigital.com.ar\/noticias\/wp-json\/wp\/v2\/comments?post=52522"}],"version-history":[{"count":2,"href":"https:\/\/laurbedigital.com.ar\/noticias\/wp-json\/wp\/v2\/posts\/52522\/revisions"}],"predecessor-version":[{"id":52525,"href":"https:\/\/laurbedigital.com.ar\/noticias\/wp-json\/wp\/v2\/posts\/52522\/revisions\/52525"}],"wp:featuredmedia":[{"embeddable":true,"href":"https:\/\/laurbedigital.com.ar\/noticias\/wp-json\/wp\/v2\/media\/52523"}],"wp:attachment":[{"href":"https:\/\/laurbedigital.com.ar\/noticias\/wp-json\/wp\/v2\/media?parent=52522"}],"wp:term":[{"taxonomy":"category","embeddable":true,"href":"https:\/\/laurbedigital.com.ar\/noticias\/wp-json\/wp\/v2\/categories?post=52522"},{"taxonomy":"post_tag","embeddable":true,"href":"https:\/\/laurbedigital.com.ar\/noticias\/wp-json\/wp\/v2\/tags?post=52522"}],"curies":[{"name":"wp","href":"https:\/\/api.w.org\/{rel}","templated":true}]}}