{"id":51865,"date":"2021-04-29T16:40:09","date_gmt":"2021-04-29T19:40:09","guid":{"rendered":"https:\/\/laurbedigital.com.ar\/noticias\/?p=51865"},"modified":"2021-04-29T16:40:09","modified_gmt":"2021-04-29T19:40:09","slug":"el-ex-almendra-rodolfo-garcia-con-muerte-cerebral-tras-sufrir-un-acv","status":"publish","type":"post","link":"https:\/\/laurbedigital.com.ar\/noticias\/2021\/04\/29\/el-ex-almendra-rodolfo-garcia-con-muerte-cerebral-tras-sufrir-un-acv\/","title":{"rendered":"El ex Almendra Rodolfo Garc\u00eda, con muerte cerebral tras sufrir un ACV"},"content":{"rendered":"<p>&nbsp;<\/p>\n<h5>Baterista de la banda fundacional del rock argentino y tambi\u00e9n creador de Aquelarre y Tantor, entre otras formaciones, el m\u00fasico no super\u00f3 un accidente cerebrovascular. Su condici\u00f3n es irreversible.<\/h5>\n<p>El baterista Rodolfo Garc\u00eda, hist\u00f3rico m\u00fasico del rock argentino y cofundador de Almendra, sufri\u00f3 este mi\u00e9rcoles un accidente cerebro vascular (ACV) y, pese a que fue intervenido quir\u00fargicamente, presenta un estado irreversible de muerte cerebral, confirmaron a telam fuentes de su familia.<\/p>\n<p>El artista de 74 a\u00f1os fue una figura clave en los albores del rock nacional en los 60, y fund\u00f3 la seminal Almendra junto con Luis Alberto Spinetta, Edelmiro Molinari y Emilio del Guercio.<\/p>\n<p><iframe loading=\"lazy\" title=\"YouTube video player\" src=\"https:\/\/www.youtube.com\/embed\/HWULKFg_lcQ\" width=\"870\" height=\"490\" frameborder=\"0\" allowfullscreen=\"allowfullscreen\"><\/iframe><\/p>\n<div class=\"auth\"><strong>Uno de los fundamentales<\/strong><\/div>\n<p>Luego fue baterista de Aquelarre y Tantor, colabor\u00f3 con Litto Nebbia en Nebbia&#8217;s Band, con V\u00edctor Heredia, con Pedro y Pablo y, m\u00e1s cerca en el tiempo, nuevamente con Spinetta en su \u00faltimo disco solista.<\/p>\n<p>Tambi\u00e9n form\u00f3 su propia banda, La Barraca, en 1989.<\/p>\n<p>Su compromiso con la cultura argentina lo llev\u00f3 a ser nombrado director nacional de Artes bajo la segunda presidencia de Cristina Fern\u00e1ndez de Kirchner, en 2014.<\/p>\n<p>&nbsp;<\/p>\n<p>&nbsp;<\/p>\n","protected":false},"excerpt":{"rendered":"<p>&nbsp; Baterista de la banda fundacional del rock argentino y tambi\u00e9n creador de Aquelarre y Tantor, entre otras formaciones, el<\/p>\n","protected":false},"author":1,"featured_media":51866,"comment_status":"closed","ping_status":"closed","sticky":false,"template":"","format":"standard","meta":{"kia_subtitle":"","footnotes":"","jetpack_publicize_message":"","jetpack_publicize_feature_enabled":true,"jetpack_social_post_already_shared":true,"jetpack_social_options":{"image_generator_settings":{"template":"highway","default_image_id":0,"font":"","enabled":false},"version":2}},"categories":[68],"tags":[],"class_list":["post-51865","post","type-post","status-publish","format-standard","has-post-thumbnail","hentry","category-cine-y-series"],"jetpack_publicize_connections":[],"jetpack_featured_media_url":"https:\/\/laurbedigital.com.ar\/noticias\/wp-content\/uploads\/2021\/04\/20210429-almendra.jpg","_links":{"self":[{"href":"https:\/\/laurbedigital.com.ar\/noticias\/wp-json\/wp\/v2\/posts\/51865","targetHints":{"allow":["GET"]}}],"collection":[{"href":"https:\/\/laurbedigital.com.ar\/noticias\/wp-json\/wp\/v2\/posts"}],"about":[{"href":"https:\/\/laurbedigital.com.ar\/noticias\/wp-json\/wp\/v2\/types\/post"}],"author":[{"embeddable":true,"href":"https:\/\/laurbedigital.com.ar\/noticias\/wp-json\/wp\/v2\/users\/1"}],"replies":[{"embeddable":true,"href":"https:\/\/laurbedigital.com.ar\/noticias\/wp-json\/wp\/v2\/comments?post=51865"}],"version-history":[{"count":2,"href":"https:\/\/laurbedigital.com.ar\/noticias\/wp-json\/wp\/v2\/posts\/51865\/revisions"}],"predecessor-version":[{"id":51868,"href":"https:\/\/laurbedigital.com.ar\/noticias\/wp-json\/wp\/v2\/posts\/51865\/revisions\/51868"}],"wp:featuredmedia":[{"embeddable":true,"href":"https:\/\/laurbedigital.com.ar\/noticias\/wp-json\/wp\/v2\/media\/51866"}],"wp:attachment":[{"href":"https:\/\/laurbedigital.com.ar\/noticias\/wp-json\/wp\/v2\/media?parent=51865"}],"wp:term":[{"taxonomy":"category","embeddable":true,"href":"https:\/\/laurbedigital.com.ar\/noticias\/wp-json\/wp\/v2\/categories?post=51865"},{"taxonomy":"post_tag","embeddable":true,"href":"https:\/\/laurbedigital.com.ar\/noticias\/wp-json\/wp\/v2\/tags?post=51865"}],"curies":[{"name":"wp","href":"https:\/\/api.w.org\/{rel}","templated":true}]}}