{"id":51614,"date":"2021-04-26T17:26:51","date_gmt":"2021-04-26T20:26:51","guid":{"rendered":"https:\/\/laurbedigital.com.ar\/noticias\/?p=51614"},"modified":"2021-04-26T17:26:51","modified_gmt":"2021-04-26T20:26:51","slug":"hoy-se-podra-ver-la-primera-superluna-rosa-del-ano","status":"publish","type":"post","link":"https:\/\/laurbedigital.com.ar\/noticias\/2021\/04\/26\/hoy-se-podra-ver-la-primera-superluna-rosa-del-ano\/","title":{"rendered":"Hoy se podr\u00e1 ver la primera superluna rosa del a\u00f1o"},"content":{"rendered":"<p>&nbsp;<\/p>\n<h5>Este 26 de abril la Luna se encontrar\u00e1 en el punto m\u00e1s cercano a la Tierra, dando lugar al fen\u00f3meno conocido comosuperluna rosada<strong>,<\/strong> percibi\u00e9ndose m\u00e1s grande y luminosa. Se percibir\u00e1 un 14 % m\u00e1s grande y un 30 % m\u00e1s brillante.<\/h5>\n<p>Seg\u00fan la\u00a0NASA, la Luna llena se encontrar\u00e1 frente al Sol a las 6:32 de este\u00a0martes y as\u00ed podr\u00e1 verse\u00a0durante aproximadamente tres d\u00edas a esta misma hora, hasta el mi\u00e9rcoles por la ma\u00f1ana.<\/p>\n<p>El\u00a0t\u00e9rmino \u00absuperluna\u00bb fue acu\u00f1ado en 1979\u00a0por el astr\u00f3logo\u00a0Richard Nolle\u00a0para referirse a\u00a0nuestro sat\u00e9lite cuando se encuentra\u00a0dentro del 90 % del perigeo\u00a0(su punto m\u00e1s cercano a la Tierra). Se trata de la primera de las dos superlunas previstas para 2021.\u00a0<strong>La segunda se espera para el pr\u00f3ximo 26 de mayo. r3<\/p>\n<p><\/strong><\/p>\n<ul>\n<li>26 de abril \u2013 Luna rosa<\/li>\n<li>26 de mayo \u2013 Luna de flores<\/li>\n<li>24 de junio \u2013 Luna de fresa<\/li>\n<li>23 de julio \u2013 Luna de ciervo<\/li>\n<li>22 de agosto \u2013 Luna de esturi\u00f3n<\/li>\n<li>20 de septiembre \u2013 Luna de cosecha<\/li>\n<li>20 de octubre \u2013 Luna de cazador<\/li>\n<li>19 de noviembre \u2013 Luna de castor<\/li>\n<li>18 de diciembre \u2013 Luna fr\u00eda<\/li>\n<\/ul>\n<p>&nbsp;<\/p>\n<p><strong>\u00a0<\/strong><\/p>\n","protected":false},"excerpt":{"rendered":"<p>&nbsp; Este 26 de abril la Luna se encontrar\u00e1 en el punto m\u00e1s cercano a la Tierra, dando lugar al<\/p>\n","protected":false},"author":1,"featured_media":51615,"comment_status":"closed","ping_status":"closed","sticky":false,"template":"","format":"standard","meta":{"kia_subtitle":"","footnotes":"","jetpack_publicize_message":"","jetpack_publicize_feature_enabled":true,"jetpack_social_post_already_shared":true,"jetpack_social_options":{"image_generator_settings":{"template":"highway","default_image_id":0,"font":"","enabled":false},"version":2}},"categories":[3],"tags":[],"class_list":["post-51614","post","type-post","status-publish","format-standard","has-post-thumbnail","hentry","category-actualidad"],"jetpack_publicize_connections":[],"jetpack_featured_media_url":"https:\/\/laurbedigital.com.ar\/noticias\/wp-content\/uploads\/2021\/04\/20210426-lUNA-ROSA.jpg","_links":{"self":[{"href":"https:\/\/laurbedigital.com.ar\/noticias\/wp-json\/wp\/v2\/posts\/51614","targetHints":{"allow":["GET"]}}],"collection":[{"href":"https:\/\/laurbedigital.com.ar\/noticias\/wp-json\/wp\/v2\/posts"}],"about":[{"href":"https:\/\/laurbedigital.com.ar\/noticias\/wp-json\/wp\/v2\/types\/post"}],"author":[{"embeddable":true,"href":"https:\/\/laurbedigital.com.ar\/noticias\/wp-json\/wp\/v2\/users\/1"}],"replies":[{"embeddable":true,"href":"https:\/\/laurbedigital.com.ar\/noticias\/wp-json\/wp\/v2\/comments?post=51614"}],"version-history":[{"count":2,"href":"https:\/\/laurbedigital.com.ar\/noticias\/wp-json\/wp\/v2\/posts\/51614\/revisions"}],"predecessor-version":[{"id":51617,"href":"https:\/\/laurbedigital.com.ar\/noticias\/wp-json\/wp\/v2\/posts\/51614\/revisions\/51617"}],"wp:featuredmedia":[{"embeddable":true,"href":"https:\/\/laurbedigital.com.ar\/noticias\/wp-json\/wp\/v2\/media\/51615"}],"wp:attachment":[{"href":"https:\/\/laurbedigital.com.ar\/noticias\/wp-json\/wp\/v2\/media?parent=51614"}],"wp:term":[{"taxonomy":"category","embeddable":true,"href":"https:\/\/laurbedigital.com.ar\/noticias\/wp-json\/wp\/v2\/categories?post=51614"},{"taxonomy":"post_tag","embeddable":true,"href":"https:\/\/laurbedigital.com.ar\/noticias\/wp-json\/wp\/v2\/tags?post=51614"}],"curies":[{"name":"wp","href":"https:\/\/api.w.org\/{rel}","templated":true}]}}