{"id":51409,"date":"2021-04-23T09:45:19","date_gmt":"2021-04-23T12:45:19","guid":{"rendered":"https:\/\/laurbedigital.com.ar\/noticias\/?p=51409"},"modified":"2021-04-23T09:45:19","modified_gmt":"2021-04-23T12:45:19","slug":"se-reportaron-537-muertes-en-24-horas-el-numero-mas-alto-de-la-pandemia","status":"publish","type":"post","link":"https:\/\/laurbedigital.com.ar\/noticias\/2021\/04\/23\/se-reportaron-537-muertes-en-24-horas-el-numero-mas-alto-de-la-pandemia\/","title":{"rendered":"Se reportaron 537 muertes en 24 horas, el n\u00famero m\u00e1s alto de la pandemia"},"content":{"rendered":"<p>&nbsp;<\/p>\n<h5>Desde marzo de 2020, las v\u00edctimas fatales ya son 60.620. El total acumulado de contagios, por su parte, se elev\u00f3 a 2.796.768.<\/h5>\n<p>El Ministerio de Salud de la Naci\u00f3n inform\u00f3 este jueves que\u00a0<strong>en las \u00faltimas 24 horas se reportaron 537 muertes, cifra r\u00e9cord de fallecimientos durante la pandemia en el pa\u00eds, y 27.216 nuevos contagios.<\/strong><\/p>\n<p>Desde el inicio de la pandemia, en marzo de 2020,\u00a0<strong>el total acumulado de contagios se elev\u00f3 a 2.796.768, y las v\u00edctimas fatales a 60.620.<\/strong><\/p>\n<p>Adem\u00e1s,\u00a0<strong>se inform\u00f3 que 4.791 pacientes permanec\u00edan internados en las distintas unidades de terapia intensiva (UTI) del pa\u00eds, mientras que el porcentaje de ocupaci\u00f3n total de camas en las UTI adulto es 65.6%.<\/strong><\/p>\n<p>&nbsp;<\/p>\n<p>&nbsp;<\/p>\n","protected":false},"excerpt":{"rendered":"<p>&nbsp; Desde marzo de 2020, las v\u00edctimas fatales ya son 60.620. El total acumulado de contagios, por su parte, se<\/p>\n","protected":false},"author":1,"featured_media":51410,"comment_status":"closed","ping_status":"closed","sticky":false,"template":"","format":"standard","meta":{"kia_subtitle":"","footnotes":"","jetpack_publicize_message":"","jetpack_publicize_feature_enabled":true,"jetpack_social_post_already_shared":true,"jetpack_social_options":{"image_generator_settings":{"template":"highway","default_image_id":0,"font":"","enabled":false},"version":2}},"categories":[3,41],"tags":[],"class_list":["post-51409","post","type-post","status-publish","format-standard","has-post-thumbnail","hentry","category-actualidad","category-nacionales"],"jetpack_publicize_connections":[],"jetpack_featured_media_url":"https:\/\/laurbedigital.com.ar\/noticias\/wp-content\/uploads\/2021\/04\/20210423-Coronavirus.jpg","_links":{"self":[{"href":"https:\/\/laurbedigital.com.ar\/noticias\/wp-json\/wp\/v2\/posts\/51409","targetHints":{"allow":["GET"]}}],"collection":[{"href":"https:\/\/laurbedigital.com.ar\/noticias\/wp-json\/wp\/v2\/posts"}],"about":[{"href":"https:\/\/laurbedigital.com.ar\/noticias\/wp-json\/wp\/v2\/types\/post"}],"author":[{"embeddable":true,"href":"https:\/\/laurbedigital.com.ar\/noticias\/wp-json\/wp\/v2\/users\/1"}],"replies":[{"embeddable":true,"href":"https:\/\/laurbedigital.com.ar\/noticias\/wp-json\/wp\/v2\/comments?post=51409"}],"version-history":[{"count":2,"href":"https:\/\/laurbedigital.com.ar\/noticias\/wp-json\/wp\/v2\/posts\/51409\/revisions"}],"predecessor-version":[{"id":51412,"href":"https:\/\/laurbedigital.com.ar\/noticias\/wp-json\/wp\/v2\/posts\/51409\/revisions\/51412"}],"wp:featuredmedia":[{"embeddable":true,"href":"https:\/\/laurbedigital.com.ar\/noticias\/wp-json\/wp\/v2\/media\/51410"}],"wp:attachment":[{"href":"https:\/\/laurbedigital.com.ar\/noticias\/wp-json\/wp\/v2\/media?parent=51409"}],"wp:term":[{"taxonomy":"category","embeddable":true,"href":"https:\/\/laurbedigital.com.ar\/noticias\/wp-json\/wp\/v2\/categories?post=51409"},{"taxonomy":"post_tag","embeddable":true,"href":"https:\/\/laurbedigital.com.ar\/noticias\/wp-json\/wp\/v2\/tags?post=51409"}],"curies":[{"name":"wp","href":"https:\/\/api.w.org\/{rel}","templated":true}]}}