{"id":51405,"date":"2021-04-23T09:36:41","date_gmt":"2021-04-23T12:36:41","guid":{"rendered":"https:\/\/laurbedigital.com.ar\/noticias\/?p=51405"},"modified":"2021-04-23T09:36:41","modified_gmt":"2021-04-23T12:36:41","slug":"la-afip-anuncio-beneficios-para-monotributistas","status":"publish","type":"post","link":"https:\/\/laurbedigital.com.ar\/noticias\/2021\/04\/23\/la-afip-anuncio-beneficios-para-monotributistas\/","title":{"rendered":"La AFIP anunci\u00f3 beneficios para monotributistas"},"content":{"rendered":"<p>&nbsp;<\/p>\n<h5>Ning\u00fan monotributista ser\u00e1 dado de baja de oficio del r\u00e9gimen por la falta de pago de sus obligaciones durante abril. Tambi\u00e9n suspendieron las exclusiones correspondientes al encuadre y categorizaci\u00f3n de peque\u00f1os contribuyentes.<\/h5>\n<p><strong>La Administraci\u00f3n Federal de Ingresos P\u00fablicos (AFIP)<\/strong>\u00a0estableci\u00f3 que\u00a0<strong>ning\u00fan monotributista ser\u00e1 dado de baja de oficio del r\u00e9gimen por la falta de pago<\/strong>\u00a0de sus obligaciones\u00a0<strong>durante abril<\/strong>, a trav\u00e9s de la\u00a0<strong>resoluci\u00f3n general 4973\/2021<\/strong>\u00a0publicada este viernes en el Bolet\u00edn Oficial.<\/p>\n<p>El organismo tambi\u00e9n suspendi\u00f3 las exclusiones correspondientes a abril y todo otro proceso sist\u00e9mico vinculado al encuadre y categorizaci\u00f3n de los peque\u00f1os contribuyentes.<\/p>\n<p><strong>Los beneficios se extienden como parte del proceso de reglamentaci\u00f3n de las modificaciones previstas en el R\u00e9gimen de Sostenimiento e Inclusi\u00f3n Fiscal para Peque\u00f1os Contribuyentes aprobado por el Congreso.<\/strong><\/p>\n<blockquote class=\"twitter-tweet\">\n<p dir=\"ltr\" lang=\"es\">Ning\u00fan monotributista ser\u00e1 dado de baja de oficio por falta de pago durante abril. Tambi\u00e9n se suspenden las exclusiones por per\u00edodos impagos.<\/p>\n<p>M\u00e1s info en <a href=\"https:\/\/t.co\/3jNnWGPVaY\">https:\/\/t.co\/3jNnWGPVaY<\/a>. <a href=\"https:\/\/t.co\/uKh4wLTOOY\">pic.twitter.com\/uKh4wLTOOY<\/a><\/p>\n<p>\u2014 AFIPComunica (@AFIPcomunica) <a href=\"https:\/\/twitter.com\/AFIPcomunica\/status\/1385559307572420609?ref_src=twsrc%5Etfw\" target=\"_blank\" rel=\"noopener\">April 23, 2021<\/a><\/p><\/blockquote>\n<p><script async src=\"https:\/\/platform.twitter.com\/widgets.js\" charset=\"utf-8\"><\/script><\/p>\n<p>Los cambios introducidos por la Ley 27.618 alivian la carga de los contribuyentes que son excluidos del r\u00e9gimen simplificado, genera un puente entre este r\u00e9gimen y el general, y resuelve el problema transitorio de actualizaci\u00f3n del monotributo durante 2020 como consecuencia de la suspensi\u00f3n del \u00edndice de movilidad previsional subsanando cualquier inconveniente referido a las recategorizaciones de manera autom\u00e1tica.<\/p>\n<p>La resoluci\u00f3n general garantiza que ning\u00fan monotributista sea dado de baja de oficio del r\u00e9gimen por falta de pago ni sea excluido mientras se perfeccionan los cambios introducidos en el r\u00e9gimen.<\/p>\n<p>Los cambios introducidos por la Ley 27.618 alivian la carga de los contribuyentes que son excluidos del r\u00e9gimen simplificado, genera un puente entre este r\u00e9gimen y el general, y resuelve el problema transitorio de actualizaci\u00f3n del monotributo durante 2020 como consecuencia de la suspensi\u00f3n del \u00edndice de movilidad previsional subsanando cualquier inconveniente referido a las recategorizaciones de manera autom\u00e1tica.<\/p>\n<p>La resoluci\u00f3n general garantiza que ning\u00fan monotributista sea dado de baja de oficio del r\u00e9gimen por falta de pago ni sea excluido mientras se perfeccionan los cambios introducidos en el r\u00e9gimen.<\/p>\n<p>&nbsp;<\/p>\n<p>&nbsp;<\/p>\n","protected":false},"excerpt":{"rendered":"<p>&nbsp; Ning\u00fan monotributista ser\u00e1 dado de baja de oficio del r\u00e9gimen por la falta de pago de sus obligaciones durante<\/p>\n","protected":false},"author":1,"featured_media":51406,"comment_status":"closed","ping_status":"closed","sticky":false,"template":"","format":"standard","meta":{"kia_subtitle":"","footnotes":"","jetpack_publicize_message":"","jetpack_publicize_feature_enabled":true,"jetpack_social_post_already_shared":true,"jetpack_social_options":{"image_generator_settings":{"template":"highway","default_image_id":0,"font":"","enabled":false},"version":2}},"categories":[3,41],"tags":[],"class_list":["post-51405","post","type-post","status-publish","format-standard","has-post-thumbnail","hentry","category-actualidad","category-nacionales"],"jetpack_publicize_connections":[],"jetpack_featured_media_url":"https:\/\/laurbedigital.com.ar\/noticias\/wp-content\/uploads\/2021\/04\/20210423-MONOTRIBUTO.jpg","_links":{"self":[{"href":"https:\/\/laurbedigital.com.ar\/noticias\/wp-json\/wp\/v2\/posts\/51405","targetHints":{"allow":["GET"]}}],"collection":[{"href":"https:\/\/laurbedigital.com.ar\/noticias\/wp-json\/wp\/v2\/posts"}],"about":[{"href":"https:\/\/laurbedigital.com.ar\/noticias\/wp-json\/wp\/v2\/types\/post"}],"author":[{"embeddable":true,"href":"https:\/\/laurbedigital.com.ar\/noticias\/wp-json\/wp\/v2\/users\/1"}],"replies":[{"embeddable":true,"href":"https:\/\/laurbedigital.com.ar\/noticias\/wp-json\/wp\/v2\/comments?post=51405"}],"version-history":[{"count":2,"href":"https:\/\/laurbedigital.com.ar\/noticias\/wp-json\/wp\/v2\/posts\/51405\/revisions"}],"predecessor-version":[{"id":51408,"href":"https:\/\/laurbedigital.com.ar\/noticias\/wp-json\/wp\/v2\/posts\/51405\/revisions\/51408"}],"wp:featuredmedia":[{"embeddable":true,"href":"https:\/\/laurbedigital.com.ar\/noticias\/wp-json\/wp\/v2\/media\/51406"}],"wp:attachment":[{"href":"https:\/\/laurbedigital.com.ar\/noticias\/wp-json\/wp\/v2\/media?parent=51405"}],"wp:term":[{"taxonomy":"category","embeddable":true,"href":"https:\/\/laurbedigital.com.ar\/noticias\/wp-json\/wp\/v2\/categories?post=51405"},{"taxonomy":"post_tag","embeddable":true,"href":"https:\/\/laurbedigital.com.ar\/noticias\/wp-json\/wp\/v2\/tags?post=51405"}],"curies":[{"name":"wp","href":"https:\/\/api.w.org\/{rel}","templated":true}]}}