{"id":514,"date":"2016-01-20T22:09:07","date_gmt":"2016-01-20T22:09:07","guid":{"rendered":"http:\/\/laurbedigital.com.ar\/noticias\/?p=514"},"modified":"2016-01-20T22:09:07","modified_gmt":"2016-01-20T22:09:07","slug":"perez-esquivel-cuestiono-a-morales-y-dijo-que-la-detencion-de-milagro-sala-es-politica","status":"publish","type":"post","link":"https:\/\/laurbedigital.com.ar\/noticias\/2016\/01\/20\/perez-esquivel-cuestiono-a-morales-y-dijo-que-la-detencion-de-milagro-sala-es-politica\/","title":{"rendered":"P\u00e9rez Esquivel cuestion\u00f3 a Morales y dijo que la detenci\u00f3n de Milagro Sala es pol\u00edtica"},"content":{"rendered":"<p>El Premio Nobel de la Paz critic\u00f3 la represi\u00f3n de las protestas sociales y dijo que es \u00abprioritario\u00bb el di\u00e1logo, por m\u00e1s diferencias que tenga el gobernador de Jujuy con los reclamos sociales.<\/p>\n<p>El Premio Nobel de la Paz Adolfo P\u00e9rez Esquivel advirti\u00f3 este mi\u00e9rcoles que \u00abel caso\u00bb de la jefa de la organizaci\u00f3n Tupac Amaru, Milagro Sala, se trata de \u00abuna detenci\u00f3n pol\u00edtica que debe resolverse cuanto antes\u00bb.<\/p>\n<p>No obstante, admiti\u00f3 que si la dirigente kirchnerista incurri\u00f3 en \u00abirregularidades deben ser presentadas ante la Justicia\u00bb, la que debe determinar su \u00abgrado de responsabilidad\u00bb.<\/p>\n<p>Adem\u00e1s, critic\u00f3 al gobernador de Jujuy, el radical Gerardo Morales, por no haberle otorgado una audiencia a Sala poco antes de la detenci\u00f3n, al advertir que \u00abse vuelve a repetir lo mismo del kirchnerismo: la falta de di\u00e1logo, el autoritarismo y las imposiciones\u00bb.<\/p>\n<p>\u00abPor m\u00e1s diferencias pol\u00edticas que tengan, el gobernador (Morales) tiene que saber escuchar los reclamos sociales porque, si no, volvemos a los autoritarismos\u00bb, argument\u00f3.<\/p>\n<p>\u00abEl caso de Milagro Sala es una detenci\u00f3n pol\u00edtica que debe resolverse cuanto antes\u00bb, advirti\u00f3 P\u00e9rez Esquivel en declaraciones radiales.<\/p>\n<p>En esa l\u00ednea, alert\u00f3 que \u00abno se pueden mezclar las cosas: la protesta social y la necesidad del di\u00e1logo son prioritarias en esto\u00bb.<\/p>\n<p>\u00abAhora, si Milagro Sala tiene irregularidades deben ser presentadas ante la Justicia y la Justicia determinar\u00e1 el grado de responsabilidad que tiene\u00bb, concluy\u00f3.<\/p>\n<p>Sala permanece detenida desde el s\u00e1bado \u00faltimo imputada de \u00abinstigaci\u00f3n a cometer il\u00edcito y tumulto\u00bb a ra\u00edz de la ocupaci\u00f3n que contin\u00faa desde el 14 de diciembre en la plaza Belgrano, frente a la Gobernaci\u00f3n juje\u00f1a.<\/p>\n<p>Adem\u00e1s, ayer, fue acusada ante la Justicia de ser la jefa de una asociaci\u00f3n il\u00edcita organizada para cometer irregularidades en el manejo de fondos p\u00fablicos destinados a la construcci\u00f3n de viviendas.<\/p>\n","protected":false},"excerpt":{"rendered":"<p>El Premio Nobel de la Paz critic\u00f3 la represi\u00f3n de las protestas sociales y dijo que es \u00abprioritario\u00bb el di\u00e1logo,<\/p>\n","protected":false},"author":1,"featured_media":515,"comment_status":"closed","ping_status":"closed","sticky":false,"template":"","format":"standard","meta":{"kia_subtitle":"","footnotes":"","jetpack_publicize_message":"","jetpack_publicize_feature_enabled":true,"jetpack_social_post_already_shared":false,"jetpack_social_options":{"image_generator_settings":{"template":"highway","default_image_id":0,"font":"","enabled":false},"version":2}},"categories":[3,41],"tags":[],"class_list":["post-514","post","type-post","status-publish","format-standard","has-post-thumbnail","hentry","category-actualidad","category-nacionales"],"jetpack_publicize_connections":[],"jetpack_featured_media_url":"https:\/\/laurbedigital.com.ar\/noticias\/wp-content\/uploads\/2016\/01\/20160120-perezesquivel.jpg","_links":{"self":[{"href":"https:\/\/laurbedigital.com.ar\/noticias\/wp-json\/wp\/v2\/posts\/514","targetHints":{"allow":["GET"]}}],"collection":[{"href":"https:\/\/laurbedigital.com.ar\/noticias\/wp-json\/wp\/v2\/posts"}],"about":[{"href":"https:\/\/laurbedigital.com.ar\/noticias\/wp-json\/wp\/v2\/types\/post"}],"author":[{"embeddable":true,"href":"https:\/\/laurbedigital.com.ar\/noticias\/wp-json\/wp\/v2\/users\/1"}],"replies":[{"embeddable":true,"href":"https:\/\/laurbedigital.com.ar\/noticias\/wp-json\/wp\/v2\/comments?post=514"}],"version-history":[{"count":1,"href":"https:\/\/laurbedigital.com.ar\/noticias\/wp-json\/wp\/v2\/posts\/514\/revisions"}],"predecessor-version":[{"id":516,"href":"https:\/\/laurbedigital.com.ar\/noticias\/wp-json\/wp\/v2\/posts\/514\/revisions\/516"}],"wp:featuredmedia":[{"embeddable":true,"href":"https:\/\/laurbedigital.com.ar\/noticias\/wp-json\/wp\/v2\/media\/515"}],"wp:attachment":[{"href":"https:\/\/laurbedigital.com.ar\/noticias\/wp-json\/wp\/v2\/media?parent=514"}],"wp:term":[{"taxonomy":"category","embeddable":true,"href":"https:\/\/laurbedigital.com.ar\/noticias\/wp-json\/wp\/v2\/categories?post=514"},{"taxonomy":"post_tag","embeddable":true,"href":"https:\/\/laurbedigital.com.ar\/noticias\/wp-json\/wp\/v2\/tags?post=514"}],"curies":[{"name":"wp","href":"https:\/\/api.w.org\/{rel}","templated":true}]}}