{"id":5117,"date":"2016-09-23T21:55:27","date_gmt":"2016-09-24T00:55:27","guid":{"rendered":"http:\/\/laurbedigital.com.ar\/noticias\/?p=5117"},"modified":"2016-09-23T21:55:27","modified_gmt":"2016-09-24T00:55:27","slug":"cascallares-participo-de-jornada-del-estado-presente-en-tu-barrio-en-calzada","status":"publish","type":"post","link":"https:\/\/laurbedigital.com.ar\/noticias\/2016\/09\/23\/cascallares-participo-de-jornada-del-estado-presente-en-tu-barrio-en-calzada\/","title":{"rendered":"Cascallares participo de jornada del estado presente en tu barrio en Calzada"},"content":{"rendered":"<p>El intendente Mariano Cascallares, particip\u00f3 de la \u00faltima jornada del programa \u201cEl Estado Presente en tu Barrio\u201d que lleg\u00f3 una vez m\u00e1s al distrito de Almirante Brown y desde el martes 20 de septiembre tuvo lugar en el barrio 2 de abril de la localidad de Rafael Calzada.<\/p>\n<p>En la ocasi\u00f3n, Cascallares no s\u00f3lo recorri\u00f3 los diferentes stands que el Municipio pone al servicio de la comunidad en forma articulada con la Naci\u00f3n y la Provincia, sino que tambi\u00e9n dialog\u00f3 con los vecinos que se acercaron para transmitirle sus propuestas e inquietudes.<\/p>\n<p>Cabe se\u00f1alar que dicho programa ofrece servicios en materia de seguridad social, salud y derechos humanos. En cada una de las jornadas\u00a0 los vecinos\u00a0 pueden recibir asesoramiento y realizar tr\u00e1mites previsionales y de documentaci\u00f3n, adem\u00e1s de efectuar consultas\u00a0 sobre prestaciones como\u00a0 la tarifa social y la tarjeta\u00a0 Sube.<\/p>\n<p>Tambi\u00e9n reciben la asistencia\u00a0 de m\u00e9dicos cl\u00ednicos, odont\u00f3logos y pediatras; adultos y ni\u00f1os pueden vacunarse y hay\u00a0 orientaci\u00f3n respecto de la prevenci\u00f3n de adicciones o enfermedades.<\/p>\n<p>Desde el martes 20 al viernes 23 de septiembre tuvo lugar, de 9 a 14, en el canal Este, entre Benteveo y Picaflor del barrio 2 de abril de Rafael Calzada, con una importante convocatoria de vecinos.<\/p>\n","protected":false},"excerpt":{"rendered":"<p>El intendente Mariano Cascallares, particip\u00f3 de la \u00faltima jornada del programa \u201cEl Estado Presente en tu Barrio\u201d que lleg\u00f3 una<\/p>\n","protected":false},"author":1,"featured_media":5113,"comment_status":"closed","ping_status":"closed","sticky":false,"template":"","format":"standard","meta":{"kia_subtitle":"","footnotes":"","jetpack_publicize_message":"","jetpack_publicize_feature_enabled":true,"jetpack_social_post_already_shared":true,"jetpack_social_options":{"image_generator_settings":{"template":"highway","default_image_id":0,"font":"","enabled":false},"version":2}},"categories":[33,2],"tags":[],"class_list":["post-5117","post","type-post","status-publish","format-standard","has-post-thumbnail","hentry","category-alte-brown-alte-brown","category-alte-brown"],"jetpack_publicize_connections":[],"jetpack_featured_media_url":"https:\/\/laurbedigital.com.ar\/noticias\/wp-content\/uploads\/2016\/09\/20160923-brown3.jpg","_links":{"self":[{"href":"https:\/\/laurbedigital.com.ar\/noticias\/wp-json\/wp\/v2\/posts\/5117","targetHints":{"allow":["GET"]}}],"collection":[{"href":"https:\/\/laurbedigital.com.ar\/noticias\/wp-json\/wp\/v2\/posts"}],"about":[{"href":"https:\/\/laurbedigital.com.ar\/noticias\/wp-json\/wp\/v2\/types\/post"}],"author":[{"embeddable":true,"href":"https:\/\/laurbedigital.com.ar\/noticias\/wp-json\/wp\/v2\/users\/1"}],"replies":[{"embeddable":true,"href":"https:\/\/laurbedigital.com.ar\/noticias\/wp-json\/wp\/v2\/comments?post=5117"}],"version-history":[{"count":1,"href":"https:\/\/laurbedigital.com.ar\/noticias\/wp-json\/wp\/v2\/posts\/5117\/revisions"}],"predecessor-version":[{"id":5118,"href":"https:\/\/laurbedigital.com.ar\/noticias\/wp-json\/wp\/v2\/posts\/5117\/revisions\/5118"}],"wp:featuredmedia":[{"embeddable":true,"href":"https:\/\/laurbedigital.com.ar\/noticias\/wp-json\/wp\/v2\/media\/5113"}],"wp:attachment":[{"href":"https:\/\/laurbedigital.com.ar\/noticias\/wp-json\/wp\/v2\/media?parent=5117"}],"wp:term":[{"taxonomy":"category","embeddable":true,"href":"https:\/\/laurbedigital.com.ar\/noticias\/wp-json\/wp\/v2\/categories?post=5117"},{"taxonomy":"post_tag","embeddable":true,"href":"https:\/\/laurbedigital.com.ar\/noticias\/wp-json\/wp\/v2\/tags?post=5117"}],"curies":[{"name":"wp","href":"https:\/\/api.w.org\/{rel}","templated":true}]}}