{"id":49750,"date":"2021-03-29T18:42:19","date_gmt":"2021-03-29T21:42:19","guid":{"rendered":"https:\/\/laurbedigital.com.ar\/noticias\/?p=49750"},"modified":"2021-03-29T18:42:19","modified_gmt":"2021-03-29T21:42:19","slug":"martin-soria-asumio-como-ministro-de-justicia-en-reemplazo-de-losardo","status":"publish","type":"post","link":"https:\/\/laurbedigital.com.ar\/noticias\/2021\/03\/29\/martin-soria-asumio-como-ministro-de-justicia-en-reemplazo-de-losardo\/","title":{"rendered":"Mart\u00edn Soria asumi\u00f3 como ministro de Justicia en reemplazo de Losardo"},"content":{"rendered":"<p>&nbsp;<\/p>\n<h5>El exdiputado nacional por R\u00edo Negro Mart\u00edn Soria asumi\u00f3 hoy como nuevo ministro de Justicia y Derechos Humanos de la Naci\u00f3n en reemplazo de Marcela Losardo, tras prestar juramento ante el presidente Alberto Fern\u00e1ndez, en un acto realizado en el Museo del Bicentenario de Casa Rosada.<\/h5>\n<p><em>\u00abBienvenido Mart\u00edn, una alegr\u00eda que est\u00e9s con nosotros. Antes de tomarte juramento quiero agradecerle muy especialmente a Marcela Losardo por el trabajo que ha hecho todo este tiempo. Es una entra\u00f1able amiga de muchos a\u00f1os y ha hecho un trabajo que exactamente tuvo que ver con lo que yo le ped\u00ed. Gracias a Marcela y sos muy bienvenido Mart\u00edn\u00bb,<\/em> expres\u00f3 el Jefe de Estado en el acto.<\/p>\n<p><iframe loading=\"lazy\" title=\"YouTube video player\" src=\"https:\/\/www.youtube.com\/embed\/8pBmaek3pdM\" width=\"560\" height=\"315\" frameborder=\"0\" allowfullscreen=\"allowfullscreen\"><\/iframe><\/p>\n<p>El flamante ministro llega a su nuevo cargo con una agenda voluminosa que tiene entre sus prioridades entablar una nueva relaci\u00f3n con la Corte Suprema de Justicia, dar impulso a los proyectos de Reforma Judicial y del Ministerio P\u00fablico Fiscal frenados por el Congreso y colaborar con que el Poder Judicial logre finalmente incorporar la perspectiva de g\u00e9nero en todos sus niveles.<\/p>\n<p>Soria dedicar\u00e1 los primeros d\u00edas de su gesti\u00f3n a profundizar su conocimiento en la din\u00e1mica de funcionamiento de la cartera que le toca conducir, por lo que intensificar\u00e1 sus reuniones con funcionarios que ya trabajan all\u00ed, seg\u00fan indicaron a T\u00e9lam fuentes de su entorno que ya est\u00e1n abocadas a que trabajar en la puesta en marcha de la agenda ministerial.<\/p>\n<p>Entre las reuniones de la primera semana, el rionegrino tiene previsto continuar sus di\u00e1logos con el viceministro de Justicia Juan Mart\u00edn Mena, y seguir con reuniones con el secretario de Derechos Humanos, Horacio Pietragalla, y la interventora del Servicio Penitenciario Nacional, Mar\u00eda Laura Garrig\u00f3s de R\u00e9bori, entre otros.<\/p>\n<p>En las pr\u00f3ximas semanas, la agenda continuar\u00e1 con encuentros con otros ministros del Gobierno Nacional, entre los que se destaca la ministra de las Mujeres, Diversidad y G\u00e9nero, Elizabeth G\u00f3mez Alcorta; con quien ya se contact\u00f3 y acord\u00f3 reunirse; seg\u00fan confirmaron a T\u00e9lam fuentes judiciales.<\/p>\n<p>Fue el propio presidente Alberto Fern\u00e1ndez quien hab\u00eda establecido los lineamientos en materia de g\u00e9nero cuando dio su discurso ante la Asamblea Legislativa el 1 de marzo y dijo:<em> \u00abQuiero proponerles que convirtamos a la lucha contra la violencia de g\u00e9nero en una pol\u00edtica de Estado y una pol\u00edtica de la sociedad. Lo hicimos con &#8216;Memoria, verdad y justicia'\u00bb.<\/em><\/p>\n<p>En los pr\u00f3ximos d\u00edas, el nuevo ministro de Justicia enviar\u00e1 a la Corte Suprema de Justicia un pedido de audiencia \u2013tal como adelant\u00f3 en un reportaje televisivo- para comenzar a forjar un nuevo v\u00ednculo con el m\u00e1ximo tribunal: quiere saber qu\u00e9 piensan los jueces que la integran de las grandes tem\u00e1ticas vinculadas al Poder Judicial.<\/p>\n<p>Entre sus primeras metas estar\u00e1n tambi\u00e9n la de conseguir los votos para la reforma de la Ley de Ministerio P\u00fablico Fiscal: se busca, entre otras cosas, modificar la mayor\u00eda necesaria para designar un Procurador General de la Naci\u00f3n -lugar que ocupa de manera interina Eduardo Casal- algo que el gobierno considera indispensable para poder avanzar con la implementaci\u00f3n del sistema acusatorio que coloca a los fiscales al frente de las investigaciones y a los jueces como garantes del proceso.<\/p>\n<p>La implementaci\u00f3n del sistema acusatorio, aprobado en 2014 por el Congreso Nacional permitir\u00e1 convertir la oralidad en regla de los procesos, a la vista de todas las partes, lo que volver\u00eda los juicios mucho m\u00e1s agiles a\u00fan en su etapa de instrucci\u00f3n.<\/p>\n<p>En la jura de Soria estuvieron presentes el jefe de Gabinete, Santiago Cafiero; la vicejefa de Gabinete, Cecilia Todesca; y los ministros de Educaci\u00f3n, Nicol\u00e1s Trotta; de Defensa, Agust\u00edn Rossi; de Trabajo, Claudio Moroni y de Obras P\u00fablicas, Gabriel Katopodis; el presidente de la C\u00e1mara de Diputados, Sergio Massa; y los senadores Oscar Parrilli y Mariano Recalde, entre otros.<\/p>\n<p>La designaci\u00f3n de Soria al frente de la cartera de Justicia y Derechos Humanos qued\u00f3 oficializada hoy a trav\u00e9s del Decreto 225\/2021 publicado en el Bolet\u00edn Oficial con la firma del presidente y de Cafiero.<\/p>\n<p>Soria reemplaza a Losardo, cuya renuncia fue aceptada el 18 de marzo \u00faltimo, luego de haber asumido la cartera de Justicia con el inicio de la gesti\u00f3n de Fern\u00e1ndez, el 10 de diciembre de 2019: la ahora ex ministra le hab\u00eda planteado al Presiente su idea de dejar el cargo porque \u00abcree que el tiempo que viene necesita otra actitud\u00bb, seg\u00fan revel\u00f3 el propio mandatario.<\/p>\n<p>El flamante ministro tiene 45 a\u00f1os y llega a al cargo luego de que el \u00faltimo s\u00e1bado fuera aceptada su renuncia a la C\u00e1mara de Diputados; mientras que antes se desempe\u00f1\u00f3 como intendente de la localidad rionegrina de General Roca en los per\u00edodos 2011-2015 y 2015-2019, y fue candidato a gobernador de su provincia en 2019.<\/p>\n<p>Desde diciembre de 2019, en el Congreso Nacional integraba las comisiones de Justicia, Legislaci\u00f3n Penal y Juicio Pol\u00edtico y Justicia y adem\u00e1s, formaba parte de la Bicameral de Implementaci\u00f3n del C\u00f3digo Procesal Penal Federal. Con anterioridad, fue legislador provincial entre los a\u00f1os 2007 y 2011.<\/p>\n<p>Abogado recibido en la Facultad de Derecho de la Universidad de Buenos Aires (UBA) en 2004, comenz\u00f3 a trabajar en la Justicia Nacional en lo Criminal y Correccional Federal en 1996 y en 2004 fue designado como Relator en la C\u00e1mara Federal de Apelaciones de R\u00edo Negro.<\/p>\n<p>&nbsp;<\/p>\n<p>&nbsp;<\/p>\n","protected":false},"excerpt":{"rendered":"<p>&nbsp; El exdiputado nacional por R\u00edo Negro Mart\u00edn Soria asumi\u00f3 hoy como nuevo ministro de Justicia y Derechos Humanos de<\/p>\n","protected":false},"author":1,"featured_media":49751,"comment_status":"closed","ping_status":"closed","sticky":false,"template":"","format":"standard","meta":{"kia_subtitle":"","footnotes":"","jetpack_publicize_message":"","jetpack_publicize_feature_enabled":true,"jetpack_social_post_already_shared":true,"jetpack_social_options":{"image_generator_settings":{"template":"highway","default_image_id":0,"font":"","enabled":false},"version":2}},"categories":[3,41],"tags":[],"class_list":["post-49750","post","type-post","status-publish","format-standard","has-post-thumbnail","hentry","category-actualidad","category-nacionales"],"jetpack_publicize_connections":[],"jetpack_featured_media_url":"https:\/\/laurbedigital.com.ar\/noticias\/wp-content\/uploads\/2021\/03\/20210329-Alberto.jpg","_links":{"self":[{"href":"https:\/\/laurbedigital.com.ar\/noticias\/wp-json\/wp\/v2\/posts\/49750","targetHints":{"allow":["GET"]}}],"collection":[{"href":"https:\/\/laurbedigital.com.ar\/noticias\/wp-json\/wp\/v2\/posts"}],"about":[{"href":"https:\/\/laurbedigital.com.ar\/noticias\/wp-json\/wp\/v2\/types\/post"}],"author":[{"embeddable":true,"href":"https:\/\/laurbedigital.com.ar\/noticias\/wp-json\/wp\/v2\/users\/1"}],"replies":[{"embeddable":true,"href":"https:\/\/laurbedigital.com.ar\/noticias\/wp-json\/wp\/v2\/comments?post=49750"}],"version-history":[{"count":2,"href":"https:\/\/laurbedigital.com.ar\/noticias\/wp-json\/wp\/v2\/posts\/49750\/revisions"}],"predecessor-version":[{"id":49757,"href":"https:\/\/laurbedigital.com.ar\/noticias\/wp-json\/wp\/v2\/posts\/49750\/revisions\/49757"}],"wp:featuredmedia":[{"embeddable":true,"href":"https:\/\/laurbedigital.com.ar\/noticias\/wp-json\/wp\/v2\/media\/49751"}],"wp:attachment":[{"href":"https:\/\/laurbedigital.com.ar\/noticias\/wp-json\/wp\/v2\/media?parent=49750"}],"wp:term":[{"taxonomy":"category","embeddable":true,"href":"https:\/\/laurbedigital.com.ar\/noticias\/wp-json\/wp\/v2\/categories?post=49750"},{"taxonomy":"post_tag","embeddable":true,"href":"https:\/\/laurbedigital.com.ar\/noticias\/wp-json\/wp\/v2\/tags?post=49750"}],"curies":[{"name":"wp","href":"https:\/\/api.w.org\/{rel}","templated":true}]}}